{"id":72260,"date":"2025-03-24T00:01:00","date_gmt":"2025-03-24T04:01:00","guid":{"rendered":"https:\/\/eldiarioantillano.com\/uno\/?p=72260"},"modified":"2025-03-23T21:18:12","modified_gmt":"2025-03-24T01:18:12","slug":"museo-de-la-memoria-en-chile-recuerda-a-ninos-robados-en-dictadura","status":"publish","type":"post","link":"https:\/\/eldiarioantillano.com\/uno\/2025\/03\/24\/museo-de-la-memoria-en-chile-recuerda-a-ninos-robados-en-dictadura\/","title":{"rendered":"Museo de la Memoria en Chile recuerda a ni\u00f1os robados en dictadura"},"content":{"rendered":"\n<p>Por Carmen Esquivel<\/p>\n\n\n\n<p>Santiago de Chile, 22 mar (Prensa Latina) Una exposici\u00f3n en el Museo de la Memoria y los Derechos Humanos (MMDH) recuerda hoy a los m\u00e1s de 20 mil menores chilenos v\u00edctimas de adopciones irregulares durante la dictadura de Augusto Pinochet (1973-1990).<\/p>\n\n\n\n<p>\u201cTejiendo esperanza. Botines de lana\u201d es el t\u00edtulo de la muestra colectiva de zapaticos de beb\u00e9s hechos a mano, que representa el amor por los hijos y la esperanza de encontrarlos.<\/p>\n\n\n\n<p>La exposici\u00f3n, en la explanada del emblem\u00e1tico museo, tiene lugar en el contexto del V Congreso Internacional sobre el Tr\u00e1fico de Ni\u00f1os Para Adopciones Forzadas, evento organizado por la Fundaci\u00f3n Hijos y Madres del Silencio (HMS), de conjunto con el MMDH.<\/p>\n\n\n\n<p>En declaraciones a Prensa Latina, la presidenta de la fundaci\u00f3n, Marisol Rodr\u00edguez, explic\u00f3 que en m\u00e1s de una d\u00e9cada de trabajo han logrado 350 encuentros de j\u00f3venes, que viven en el extranjero o ac\u00e1 en Chile, con sus padres biol\u00f3gicos.<\/p>\n\n\n\n<p>El secuestro de menores no solo ocurri\u00f3 en este pa\u00eds, sino tambi\u00e9n en Per\u00fa, Bolivia, Brasil o Guatemala, record\u00f3.<\/p>\n\n\n\n<p>Rodr\u00edguez consider\u00f3 necesario que se materialice el compromiso del Gobierno con la mesa intersectorial para abordar esta problem\u00e1tica.<\/p>\n\n\n\n<p>Gracias a la labor de la fundaci\u00f3n, Carolina Baeza pudo encontrar a sus padres biol\u00f3gicos en 2023.<\/p>\n\n\n\n<p>\u201cMi mam\u00e1 tiene 78 a\u00f1os y mi pap\u00e1 82 y, adem\u00e1s tengo cuatro hermanos\u201d, dijo Baeza a esta agencia.<\/p>\n\n\n\n<p>Seg\u00fan nos cont\u00f3, ella naci\u00f3 en el hospital Jos\u00e9 Joaqu\u00edn Aguirre en agosto de 1976 y a sus padres le dijeron que hab\u00eda fallecido en el parto y no le pod\u00edan entregar el cuerpo porque estaba en muy malas condiciones.<\/p>\n\n\n\n<p>\u201cYa pasaron dos a\u00f1os del reencuentro. Lloramos mucho porque ellos no me buscaban. Ellos pensaban que hab\u00eda muerto\u201d, dice.<\/p>\n\n\n\n<p>Baeza consider\u00f3 maravillosa la labor que realiza la fundaci\u00f3n Hijos y Madres del Silencio, pero piensa que le hace falta mucha ayuda y ser\u00eda muy bueno hacer algo m\u00e1s porque muchas mam\u00e1s se est\u00e1n muriendo sin saber el paradero de sus hijos.<\/p>\n\n\n\n<p>El diputado Boris Barrera, uno de los participantes en el congreso, explic\u00f3 a esta agencia que, junto a organizaciones de la sociedad civil, est\u00e1n impulsando en el Parlamento una ley por el derecho a la identidad de origen para facilitar la b\u00fasqueda de familiares.<\/p>\n\n\n\n<p>Acerca del evento sobre el tr\u00e1fico de ni\u00f1os, celebrado en el Museo de la Memoria, consider\u00f3 que es muy importante porque permite visibilizar el drama, la tragedia, vivida en muchas familias por las violaciones de los derechos humanos cometidas durante la dictadura.<\/p>\n\n\n\n<p>Aqu\u00ed hay una deuda con la sociedad, hay delitos que no han prescrito, personas que est\u00e1n desaparecidas y debemos buscar justicia porque si no lo hacemos podr\u00eda volver a suceder y esperamos que esto nunca m\u00e1s ocurra, dijo.<\/p>\n\n\n\n<p>jha\/car<\/p>\n","protected":false},"excerpt":{"rendered":"<p>Por Carmen Esquivel Santiago de Chile, 22 mar (Prensa Latina) Una exposici\u00f3n en el Museo&hellip;<\/p>\n","protected":false},"author":2,"featured_media":72261,"comment_status":"open","ping_status":"open","sticky":false,"template":"","format":"standard","meta":{"footnotes":""},"categories":[52,53],"tags":[],"class_list":["post-72260","post","type-post","status-publish","format-standard","has-post-thumbnail","hentry","category-internacionales","category-prensa-latina"],"_links":{"self":[{"href":"https:\/\/eldiarioantillano.com\/uno\/wp-json\/wp\/v2\/posts\/72260","targetHints":{"allow":["GET"]}}],"collection":[{"href":"https:\/\/eldiarioantillano.com\/uno\/wp-json\/wp\/v2\/posts"}],"about":[{"href":"https:\/\/eldiarioantillano.com\/uno\/wp-json\/wp\/v2\/types\/post"}],"author":[{"embeddable":true,"href":"https:\/\/eldiarioantillano.com\/uno\/wp-json\/wp\/v2\/users\/2"}],"replies":[{"embeddable":true,"href":"https:\/\/eldiarioantillano.com\/uno\/wp-json\/wp\/v2\/comments?post=72260"}],"version-history":[{"count":1,"href":"https:\/\/eldiarioantillano.com\/uno\/wp-json\/wp\/v2\/posts\/72260\/revisions"}],"predecessor-version":[{"id":72262,"href":"https:\/\/eldiarioantillano.com\/uno\/wp-json\/wp\/v2\/posts\/72260\/revisions\/72262"}],"wp:featuredmedia":[{"embeddable":true,"href":"https:\/\/eldiarioantillano.com\/uno\/wp-json\/wp\/v2\/media\/72261"}],"wp:attachment":[{"href":"https:\/\/eldiarioantillano.com\/uno\/wp-json\/wp\/v2\/media?parent=72260"}],"wp:term":[{"taxonomy":"category","embeddable":true,"href":"https:\/\/eldiarioantillano.com\/uno\/wp-json\/wp\/v2\/categories?post=72260"},{"taxonomy":"post_tag","embeddable":true,"href":"https:\/\/eldiarioantillano.com\/uno\/wp-json\/wp\/v2\/tags?post=72260"}],"curies":[{"name":"wp","href":"https:\/\/api.w.org\/{rel}","templated":true}]}}