{"id":72191,"date":"2025-03-20T01:44:48","date_gmt":"2025-03-20T05:44:48","guid":{"rendered":"https:\/\/eldiarioantillano.com\/uno\/?p=72191"},"modified":"2025-03-20T01:44:49","modified_gmt":"2025-03-20T05:44:49","slug":"orlando-martinez-coherencia-consistencia-y-vigencia","status":"publish","type":"post","link":"https:\/\/eldiarioantillano.com\/uno\/2025\/03\/20\/orlando-martinez-coherencia-consistencia-y-vigencia\/","title":{"rendered":"Orlando Mart\u00ednez: coherencia, consistencia y vigencia"},"content":{"rendered":"\n<p>Por C\u00c9SAR P\u00c9REZ<\/p>\n\n\n<div class=\"wp-block-image is-style-rounded\">\n<figure class=\"alignright size-thumbnail\"><img decoding=\"async\" width=\"150\" height=\"150\" src=\"https:\/\/eldiarioantillano.com\/uno\/wp-content\/uploads\/2023\/10\/Cesar-Perez-150x150.png\" alt=\"\" class=\"wp-image-63777\" srcset=\"https:\/\/eldiarioantillano.com\/uno\/wp-content\/uploads\/2023\/10\/Cesar-Perez-150x150.png 150w, https:\/\/eldiarioantillano.com\/uno\/wp-content\/uploads\/2023\/10\/Cesar-Perez-585x585.png 585w\" sizes=\"(max-width: 150px) 100vw, 150px\" \/><figcaption class=\"wp-element-caption\">C\u00e9sar P\u00e9rez<\/figcaption><\/figure>\n<\/div>\n\n\n<p>El pasado 17 se conmemor\u00f3 el 50 aniversario del asesinado de Orlando Mart\u00ednez, ejemplo de intelectual p\u00fablico indoblegable, del periodismo comprometido con la verdad, la honestidad profesional y la defensa de la justicia. Tambi\u00e9n, de la rebeld\u00eda contra todo poder de vocaci\u00f3n avasallante, sin importar signo o color pol\u00edtico, un valor que defendi\u00f3 con una convicci\u00f3n y consistencia a tal punto que, como dice A. Camus, lo situ\u00f3 \u201cpor encima de s\u00ed mismo\u201d. Por y con ese valor enfrent\u00f3 la maquinaria de terror y muerte enquistada en las insondables entra\u00f1as, el r\u00e9gimen de los 12 a\u00f1os de Balaguer, conocida y tolerada por este. Con arrojo enfrent\u00f3 las amenazas de esa maquinaria que termin\u00f3 seg\u00e1ndole la vida.<\/p>\n\n\n\n<p>Orlando fue, uno de esos j\u00f3venes que llegaron a la militancia pol\u00edtica bajo el embrujo de la d\u00e9cada de los 60, la d\u00e9cada de la consolidaci\u00f3n y expansi\u00f3n de profundas transformaciones en las esferas de la pol\u00edtica, de la cultura y de las luchas por la democracia. Tuvo la suerte de llegar a la militancia revolucionaria no solo impulsado por el ideal de justicia y libertad que signaron esa d\u00e9cada, sino con una incesante y profunda b\u00fasqueda del conocimiento, de la verdad y la objetividad. Esas infaltables herramientas en la mochila de Orlando, determin\u00f3 la coherencia y limpieza de su rebeld\u00eda, expresada en un rostro generalmente serio y en una sonrisa, a veces t\u00edmida, pero en extremo cari\u00f1oso para con sus amigos, con los que compart\u00eda sus preocupaciones pol\u00edticas e intelectuales. El resentimiento le fue ajeno.<\/p>\n\n\n\n<p>Su avidez de conocimiento, su s\u00f3lida formaci\u00f3n cultural y pol\u00edtica y su valent\u00eda y objetividad hicieron de \u00e9l una referencia para el ejercido del periodismo en nuestro pa\u00eds. Su columna Microscopio, cuyos art\u00edculos est\u00e1n recogidos en un libro del mismo nombre, es un ejemplo. En uno de esos art\u00edculos, publicado en fecha 15 de enero de 1973 se expresan esos atributos, cuando refiri\u00e9ndose al r\u00e9gimen de Balaguer dice con perspicacia: \u201cNos guste o no, este es el gobierno m\u00e1s estable de la \u00faltima d\u00e9cada\u201d, recordando que lo hab\u00eda escrito una semana antes, agreg\u00f3 que algunos le ped\u00edan una explicaci\u00f3n de ese aserto, diciendo que esa estabilidad la daban \u201clas dificultades que concretamente existen en estos momentos para cambiar por otro el gobierno del Doctor Balaguer, ya sea por un golpe de Estado, un levantamiento revolucionario o unas elecciones generales\u201d<\/p>\n\n\n\n<p>Para fundamentar su afirmaci\u00f3n, hizo un exhaustivo an\u00e1lisis de la coyuntura del momento en la que destacaba: el sost\u00e9n militar del r\u00e9gimen, la significativa debilidad de la clase obrera, la frustraci\u00f3n pol\u00edtica sectores de las capas medias antes muy activos pol\u00edticamente, la desmovilizaci\u00f3n de los sectores marginados por la pol\u00edtica de construcci\u00f3n del r\u00e9gimen que generaba empleos, la debilidad de la que llam\u00f3 extrema izquierda por su falta de formaci\u00f3n pol\u00edtica y la debilidad del entonces PRD por su crisis y divisiones internas. Para lograr la profundidad de ese juicio, esa objetividad, se requer\u00eda no solo una s\u00f3lida formaci\u00f3n pol\u00edtica\/intelectual, sino valent\u00eda para enfrentar la subjetivad reinante en la generalidad de la oposici\u00f3n de centro como de izquierda. Era la coyuntura existente un mes antes de la acci\u00f3n guerrillera de Caama\u00f1o&#8230;<\/p>\n\n\n\n<p>La agudeza de Orlando, el nivel de aceptaci\u00f3n que ten\u00edan sus Microscopios en vastos sectores de la poblaci\u00f3n puso el periodismo dominicano en su mejor momento en la lucha por la democracia en el pa\u00eds y sirvi\u00f3 de est\u00edmulo para que una generaci\u00f3n de periodistas jugase ese papel estelar en la lucha por la democracia dominicana durante los 12 a\u00f1os de Balaguer y contra el posterior fraude electoral a Pe\u00f1a G\u00f3mez. En una entrevista que me hicieron ayer en la emisora Radio Santa Mar\u00eda, me preguntaron que cu\u00e1l hubiese sido la posici\u00f3n de Orlando sobre la situaci\u00f3n actual que vive el pa\u00eds, respond\u00ed que \u00e9l mantendr\u00eda su rebeld\u00eda contra la injusticia y que seguro estar\u00eda en la misma lista en que la ultraderecha dominicana tiene a esos periodistas que hoy mantienen su lucha contra la impunidad, el respeto a los derechos fundamentales de la poblaci\u00f3n y contra el odio y la xenofobia.<\/p>\n\n\n\n<p>Finalmente, algunos dicen que Orlando se hab\u00eda alejado de su militancia en el PCD. No es cierto, \u00e9l mantuvo su jerarqu\u00eda en acuerdo a la especificidad de su trabajo. Como otros. Por nuestra amistad iniciada en sus vistas a Paris, donde yo era delegado de ese partido, al igual que \u00e9l en la Federaci\u00f3n Mundial de la Juventud Democr\u00e1tica en Budapest, mantuvimos aqu\u00ed conversaciones sobre cuestiones partidarias hasta el d\u00eda en que lo asesinaron. Como periodista, Orlando mantuvo la coherencia y el compromiso por la verdad, lo mismo que como militante sin ataduras a ning\u00fan dogma. 50 a\u00f1os despu\u00e9s de ser asesinado su m\u00e9todo de an\u00e1lisis mantiene su consistencia y vigencia.<\/p>\n","protected":false},"excerpt":{"rendered":"<p>Por C\u00c9SAR P\u00c9REZ El pasado 17 se conmemor\u00f3 el 50 aniversario del asesinado de Orlando&hellip;<\/p>\n","protected":false},"author":2,"featured_media":63777,"comment_status":"open","ping_status":"open","sticky":false,"template":"","format":"standard","meta":{"footnotes":""},"categories":[71,55,51],"tags":[],"class_list":["post-72191","post","type-post","status-publish","format-standard","has-post-thumbnail","hentry","category-cesar-perez","category-nacionales","category-opinion"],"_links":{"self":[{"href":"https:\/\/eldiarioantillano.com\/uno\/wp-json\/wp\/v2\/posts\/72191","targetHints":{"allow":["GET"]}}],"collection":[{"href":"https:\/\/eldiarioantillano.com\/uno\/wp-json\/wp\/v2\/posts"}],"about":[{"href":"https:\/\/eldiarioantillano.com\/uno\/wp-json\/wp\/v2\/types\/post"}],"author":[{"embeddable":true,"href":"https:\/\/eldiarioantillano.com\/uno\/wp-json\/wp\/v2\/users\/2"}],"replies":[{"embeddable":true,"href":"https:\/\/eldiarioantillano.com\/uno\/wp-json\/wp\/v2\/comments?post=72191"}],"version-history":[{"count":1,"href":"https:\/\/eldiarioantillano.com\/uno\/wp-json\/wp\/v2\/posts\/72191\/revisions"}],"predecessor-version":[{"id":72192,"href":"https:\/\/eldiarioantillano.com\/uno\/wp-json\/wp\/v2\/posts\/72191\/revisions\/72192"}],"wp:featuredmedia":[{"embeddable":true,"href":"https:\/\/eldiarioantillano.com\/uno\/wp-json\/wp\/v2\/media\/63777"}],"wp:attachment":[{"href":"https:\/\/eldiarioantillano.com\/uno\/wp-json\/wp\/v2\/media?parent=72191"}],"wp:term":[{"taxonomy":"category","embeddable":true,"href":"https:\/\/eldiarioantillano.com\/uno\/wp-json\/wp\/v2\/categories?post=72191"},{"taxonomy":"post_tag","embeddable":true,"href":"https:\/\/eldiarioantillano.com\/uno\/wp-json\/wp\/v2\/tags?post=72191"}],"curies":[{"name":"wp","href":"https:\/\/api.w.org\/{rel}","templated":true}]}}