{"id":72187,"date":"2025-03-20T01:30:30","date_gmt":"2025-03-20T05:30:30","guid":{"rendered":"https:\/\/eldiarioantillano.com\/uno\/?p=72187"},"modified":"2025-03-20T01:30:33","modified_gmt":"2025-03-20T05:30:33","slug":"panama-expectante-ante-medidas-que-eviten-otro-apagon-nacional","status":"publish","type":"post","link":"https:\/\/eldiarioantillano.com\/uno\/2025\/03\/20\/panama-expectante-ante-medidas-que-eviten-otro-apagon-nacional\/","title":{"rendered":"Panam\u00e1 expectante ante medidas que eviten otro apag\u00f3n nacional"},"content":{"rendered":"\n<p>Ciudad de Panam\u00e1 (Prensa Latina) Con expectativas sobre las medidas que eviten otro apag\u00f3n nacional, la poblaci\u00f3n espera hoy respuesta de la investigaci\u00f3n que autoridades iniciaron en una generadora de electricidad en la provincia de Panam\u00e1 Oeste.<\/p>\n\n\n\n<p>Las pesquisas comenzaron en medio de denuncias por fallos en la red el\u00e9ctrica, debido a la falta de esquemas de protecci\u00f3n y de entrega oportuna de informes finales por parte de la empresa de Transmisi\u00f3n El\u00e9ctrica, S.A. (Etesa).<\/p>\n\n\n\n<p>La Autoridad de los Servicios P\u00fablicos (Asep) y el Benem\u00e9rito Cuerpo de Bomberos profundizan sobre la falla en la planta termoel\u00e9ctrica Pan-Am, ubicada en La Chorrera, que provoc\u00f3 un apag\u00f3n nacional a las 23:40, hora local del pasado s\u00e1bado; sistema que fue restablecido hasta las 06:08, hora local de este domingo.<\/p>\n\n\n\n<p>El pa\u00eds quedo sin suministro el\u00e9ctrico aproximadamente durante seis horas con 28 minutos, indic\u00f3 Asep.<\/p>\n\n\n\n<p>Para Ariel Mu\u00f1oz, ingeniero el\u00e9ctrico y secretario general del Sindicato de los Trabajadores de la Industria El\u00e9ctrica y Similares de Panam\u00e1 (Sitiespa), esa falla no se despej\u00f3 ni en los tiempos ni en la forma que debi\u00f3 darse, es decir, se irradi\u00f3 el problema m\u00e1s all\u00e1 del \u00e1rea donde ocurri\u00f3, dejando a todo el pa\u00eds a oscuras.<\/p>\n\n\n\n<p>M\u00fa\u00f1oz precis\u00f3 al diario La Estrella de Panam\u00e1 que Etesa deber\u00e1 adecuar y establecer los diferentes esquemas de protecciones, ya sea de baja frecuencia, de bajo voltaje, los tiempos, adem\u00e1s de las necesarias coordinaciones.<\/p>\n\n\n\n<p>\u201cA\u00fan esperamos el informe final del apag\u00f3n ocurrido el 24 de diciembre de 2023, hace dos a\u00f1os\u201d, remarc\u00f3.<\/p>\n\n\n\n<p>Al referirse a lo ocurrido este fin de semana el dirigente sindical afirm\u00f3 que las consecuencias de la politiquer\u00eda y la falta de personal capaz que se nombra con las entradas de los gobiernos, ya est\u00e1n empezando a pasar factura a la empresa.<\/p>\n\n\n\n<p>En ese sentido, denunci\u00f3 que en la entidad utilizan los recursos financieros y econ\u00f3micos para hacer proselitismo pol\u00edtico a trav\u00e9s de la p\u00e1gina de Instagram, como campa\u00f1as en favor de la reforma de la Caja de Seguro Social, cuando esa no es su funci\u00f3n, sino atender lo que ocurre en el sector de transmisi\u00f3n.<\/p>\n\n\n\n<p>Seg\u00fan dijo a la prensa la administradora general de la Autoridad Nacional de Servicios P\u00fablicos (Asep), Zelmar Rodr\u00edguez, luego de recorrer la termoel\u00e9ctrica de Pan-Am, en el distrito de La Chorrera, no se lamentaron v\u00edctimas fatales ni heridos.<\/p>\n\n\n\n<p>Durante la visita constataron que el apag\u00f3n se origin\u00f3 a ra\u00edz de la explosi\u00f3n de un transformador de 50 MegaVoltios-Amperios (MVA), afectando tambi\u00e9n un cuarto de operaciones donde hubo p\u00e9rdida de material de oficina.<\/p>\n\n\n\n<p>Por su parte, el director del Cuerpo de Bomberos de Panam\u00e1, V\u00edctor \u00c1lvarez, indic\u00f3 que iniciaron las investigaciones correspondientes para determinar las posibles causas del incidente.<\/p>\n\n\n\n<p>Destac\u00f3 que los bomberos actuaron de inmediato tras recibir el llamado de emergencia y trabajaron hasta altas horas de la madrugada para contener la situaci\u00f3n.<\/p>\n\n\n\n<p>Durante el corte, tambi\u00e9n se vio interrumpido el servicio de agua potable en el pa\u00eds por la falta de energ\u00eda en las plantas potabilizadoras, pero el suministro tambi\u00e9n fue restablecido.<\/p>\n\n\n\n<p>La termoel\u00e9ctrica Pan Am Generating Ltd., ubicada en el corregimiento de El Arado, distrito de La Chorrera, ha sido centro de controversias desde su instalaci\u00f3n en 1999.<\/p>\n\n\n\n<p>En sus m\u00e1s de 25 a\u00f1os de operaci\u00f3n, ha enfrentado denuncias por contaminaci\u00f3n, protestas ciudadanas y procesos judiciales por supuestos da\u00f1os ambientales.<\/p>\n\n\n\n<p>Desde su entrada en operaci\u00f3n, la planta generadora comenz\u00f3 con una capacidad de 96 megavatios, utilizando b\u00fanker C como combustible; sin embargo, su funcionamiento pronto gener\u00f3 inquietud entre los residentes del \u00e1rea debido a las emisiones contaminantes y el impacto ambiental.<\/p>\n\n\n\n<p>nmr\/ga<\/p>\n\n\n\n<p><\/p>\n","protected":false},"excerpt":{"rendered":"<p>Ciudad de Panam\u00e1 (Prensa Latina) Con expectativas sobre las medidas que eviten otro apag\u00f3n nacional,&hellip;<\/p>\n","protected":false},"author":2,"featured_media":72184,"comment_status":"open","ping_status":"open","sticky":false,"template":"","format":"standard","meta":{"footnotes":""},"categories":[52,53],"tags":[],"class_list":["post-72187","post","type-post","status-publish","format-standard","has-post-thumbnail","hentry","category-internacionales","category-prensa-latina"],"_links":{"self":[{"href":"https:\/\/eldiarioantillano.com\/uno\/wp-json\/wp\/v2\/posts\/72187","targetHints":{"allow":["GET"]}}],"collection":[{"href":"https:\/\/eldiarioantillano.com\/uno\/wp-json\/wp\/v2\/posts"}],"about":[{"href":"https:\/\/eldiarioantillano.com\/uno\/wp-json\/wp\/v2\/types\/post"}],"author":[{"embeddable":true,"href":"https:\/\/eldiarioantillano.com\/uno\/wp-json\/wp\/v2\/users\/2"}],"replies":[{"embeddable":true,"href":"https:\/\/eldiarioantillano.com\/uno\/wp-json\/wp\/v2\/comments?post=72187"}],"version-history":[{"count":1,"href":"https:\/\/eldiarioantillano.com\/uno\/wp-json\/wp\/v2\/posts\/72187\/revisions"}],"predecessor-version":[{"id":72188,"href":"https:\/\/eldiarioantillano.com\/uno\/wp-json\/wp\/v2\/posts\/72187\/revisions\/72188"}],"wp:featuredmedia":[{"embeddable":true,"href":"https:\/\/eldiarioantillano.com\/uno\/wp-json\/wp\/v2\/media\/72184"}],"wp:attachment":[{"href":"https:\/\/eldiarioantillano.com\/uno\/wp-json\/wp\/v2\/media?parent=72187"}],"wp:term":[{"taxonomy":"category","embeddable":true,"href":"https:\/\/eldiarioantillano.com\/uno\/wp-json\/wp\/v2\/categories?post=72187"},{"taxonomy":"post_tag","embeddable":true,"href":"https:\/\/eldiarioantillano.com\/uno\/wp-json\/wp\/v2\/tags?post=72187"}],"curies":[{"name":"wp","href":"https:\/\/api.w.org\/{rel}","templated":true}]}}