{"id":72177,"date":"2025-03-19T00:01:00","date_gmt":"2025-03-19T04:01:00","guid":{"rendered":"https:\/\/eldiarioantillano.com\/uno\/?p=72177"},"modified":"2025-03-20T21:17:17","modified_gmt":"2025-03-21T01:17:17","slug":"celebraran-el-130-aniversario-del-manifiesto-de-montecristi-en-museo-maximo-gomez","status":"publish","type":"post","link":"https:\/\/eldiarioantillano.com\/uno\/2025\/03\/19\/celebraran-el-130-aniversario-del-manifiesto-de-montecristi-en-museo-maximo-gomez\/","title":{"rendered":"Celebrar\u00e1n el 130 aniversario del Manifiesto de Montecristi en Museo M\u00e1ximo G\u00f3mez"},"content":{"rendered":"\n<p>Ese mismo d\u00eda se conmemora el 161 aniversario del retorno de Juan Pablo Duarte a la Patria, precisamente por Montecristi, para participar en el proceso de Restauraci\u00f3n de la Rep\u00fablica.\u00a0<\/p>\n","protected":false},"excerpt":{"rendered":"<p>Ese mismo d\u00eda se conmemora el 161 aniversario del retorno de Juan Pablo Duarte a&hellip;<\/p>\n","protected":false},"author":2,"featured_media":72178,"comment_status":"open","ping_status":"open","sticky":false,"template":"","format":"standard","meta":{"footnotes":""},"categories":[57],"tags":[],"class_list":["post-72177","post","type-post","status-publish","format-standard","has-post-thumbnail","hentry","category-montecristi"],"_links":{"self":[{"href":"https:\/\/eldiarioantillano.com\/uno\/wp-json\/wp\/v2\/posts\/72177","targetHints":{"allow":["GET"]}}],"collection":[{"href":"https:\/\/eldiarioantillano.com\/uno\/wp-json\/wp\/v2\/posts"}],"about":[{"href":"https:\/\/eldiarioantillano.com\/uno\/wp-json\/wp\/v2\/types\/post"}],"author":[{"embeddable":true,"href":"https:\/\/eldiarioantillano.com\/uno\/wp-json\/wp\/v2\/users\/2"}],"replies":[{"embeddable":true,"href":"https:\/\/eldiarioantillano.com\/uno\/wp-json\/wp\/v2\/comments?post=72177"}],"version-history":[{"count":2,"href":"https:\/\/eldiarioantillano.com\/uno\/wp-json\/wp\/v2\/posts\/72177\/revisions"}],"predecessor-version":[{"id":72210,"href":"https:\/\/eldiarioantillano.com\/uno\/wp-json\/wp\/v2\/posts\/72177\/revisions\/72210"}],"wp:featuredmedia":[{"embeddable":true,"href":"https:\/\/eldiarioantillano.com\/uno\/wp-json\/wp\/v2\/media\/72178"}],"wp:attachment":[{"href":"https:\/\/eldiarioantillano.com\/uno\/wp-json\/wp\/v2\/media?parent=72177"}],"wp:term":[{"taxonomy":"category","embeddable":true,"href":"https:\/\/eldiarioantillano.com\/uno\/wp-json\/wp\/v2\/categories?post=72177"},{"taxonomy":"post_tag","embeddable":true,"href":"https:\/\/eldiarioantillano.com\/uno\/wp-json\/wp\/v2\/tags?post=72177"}],"curies":[{"name":"wp","href":"https:\/\/api.w.org\/{rel}","templated":true}]}}