{"id":72172,"date":"2025-03-19T00:02:00","date_gmt":"2025-03-19T04:02:00","guid":{"rendered":"https:\/\/eldiarioantillano.com\/uno\/?p=72172"},"modified":"2025-03-18T21:18:21","modified_gmt":"2025-03-19T01:18:21","slug":"asociacion-femenina-del-1j4","status":"publish","type":"post","link":"https:\/\/eldiarioantillano.com\/uno\/2025\/03\/19\/asociacion-femenina-del-1j4\/","title":{"rendered":"Asociaci\u00f3n Femenina del 1J4"},"content":{"rendered":"\n<p>ART\u00cdCULO INVITADO<\/p>\n\n\n\n<p>Por Amaurys P\u00e9rez Vargas<\/p>\n\n\n\n<p>En la etapa de la vida p\u00fablica de la&nbsp;<strong>Agrupaci\u00f3n Pol\u00edtica 14 de Junio<\/strong>&nbsp;sobresale su Asociaci\u00f3n Femenina cuya primera presidenta del Comit\u00e9 Central fue Milagros Pratt, quien en ese momento era la esposa del secretario general del comit\u00e9 barrial del 1J4 en San Juan Bosco, doctor Jos\u00e9 Joaqu\u00edn Puello, en el Distrito Nacional. Poco despu\u00e9s, el prominente neurocirujano se destac\u00f3 como secretario general y l\u00edder del Bloque Universitario Revolucionario Cristiano -BRUC-, ap\u00e9ndice del&nbsp;<strong>Partido Revolucionario Social Cristiano<\/strong>&nbsp;en la UASD. Desde sus or\u00edgenes en la etapa clandestina, la organizaci\u00f3n integr\u00f3 a cientos de mujeres en sus filas, quienes tuvieron un rol protag\u00f3nico en las fases finales de la lucha contra Trujillo.<\/p>\n\n\n\n<p>En reconocimiento a los aportes y sacrificios realizados en dicho per\u00edodo cuando padecieron \u201cen carne propia\u201d tortura, muerte y persecuci\u00f3n por parte de la dictadura, se cre\u00f3 un espacio para garantizar la participaci\u00f3n de las mujeres en la lucha revolucionaria. En ese sentido, se habilit\u00f3 una instancia para institucionalizar la integraci\u00f3n del sexo femenino en todos los niveles del movimiento, desde la base hasta su m\u00e1s alta dirigencia. En ese esfuerzo, jug\u00f3 un papel destacado la poeta y doctora en psiquiatr\u00eda&nbsp;<strong>Grey Coiscou Guzm\u00e1n<\/strong>, secretaria general de la divisi\u00f3n de damas del 1J4.<\/p>\n\n\n\n<p>Bajo su direcci\u00f3n se construyeron alianzas con otros movimientos, tal como lo indica<strong>&nbsp;Ra\u00fal P\u00e9rez Pe\u00f1a -Bacho<\/strong>-. Menciona a la Federaci\u00f3n de Mujeres Dominicanas, la Asociaci\u00f3n de Ex-presos Pol\u00edticos y otros aglutinamientos\u201d, fomentando redes de solidaridad para fortalecer la lucha colectiva. Tambi\u00e9n se establecieron estrategias con otros organismos, especialmente los comit\u00e9s territoriales del 1j4, a los fines de articular la estructura organizativa en todas las demarcaciones del pa\u00eds para cumplir con sus planes de trabajo.<\/p>\n\n\n\n<figure class=\"wp-block-image size-full\"><img fetchpriority=\"high\" decoding=\"async\" width=\"951\" height=\"685\" src=\"https:\/\/eldiarioantillano.com\/uno\/wp-content\/uploads\/2025\/03\/1j4Mujeres3.webp\" alt=\"\" class=\"wp-image-72167\" style=\"aspect-ratio:16\/9;object-fit:cover\" srcset=\"https:\/\/eldiarioantillano.com\/uno\/wp-content\/uploads\/2025\/03\/1j4Mujeres3.webp 951w, https:\/\/eldiarioantillano.com\/uno\/wp-content\/uploads\/2025\/03\/1j4Mujeres3-300x216.webp 300w, https:\/\/eldiarioantillano.com\/uno\/wp-content\/uploads\/2025\/03\/1j4Mujeres3-768x553.webp 768w, https:\/\/eldiarioantillano.com\/uno\/wp-content\/uploads\/2025\/03\/1j4Mujeres3-585x421.webp 585w\" sizes=\"(max-width: 951px) 100vw, 951px\" \/><\/figure>\n\n\n\n<p>En el plano de la acci\u00f3n directa, la rama femenina llevaba a cabo movilizaciones, tanto para presionar al Gobierno con sus demandas como para iniciar con sus desfiles las manifestaciones del partido y especialmente las grandes concentraciones que se realizaron en Santo Domingo. En su directiva, la (A. F. 14 J) contaba con las siguientes secciones: Asuntos pol\u00edtico-sociales; Econom\u00eda; Asistencia social; Cultura; Propaganda; Recaudaci\u00f3n de fondos; Enlace con subcomit\u00e9s; Equipo para oficina; Suscripci\u00f3n para el peri\u00f3dico y Anuncios para el peri\u00f3dico\u201d.<\/p>\n\n\n\n<p>Entre sus objetivos m\u00e1s destacados estuvo promover la formaci\u00f3n pol\u00edtica con perspectiva de g\u00e9nero. Es as\u00ed como en uno de los avisos publicados en el peri\u00f3dico nos consigna que \u201cLa asociaci\u00f3n femenina del \u201c14 DE JUNIO\u201d invita a todos sus miembros e interesadas para el pr\u00f3ximo domingo al inicio de las charlas sobre \u201cAsistencia social\u201d y \u201cORIENTACI\u00d3N POLITICA\u201d a las 10 a. m. en el local de la calle El Conde esquina Hostos. COMPA\u00d1ERAS: Os esperamos con los brazos abiertos para este prop\u00f3sito de obtener conocimiento para ayudar a nuestro pueblo en sus necesidades inmediatas y prepararlo para el futuro\u201d.<\/p>\n\n\n\n<p>Otro aviso bajo el t\u00edtulo \u201cEl 1J4 por el pueblo y para el pueblo\u201d nos se\u00f1ala que \u201cLa Asociaci\u00f3n Femenina de la&nbsp;<strong>Agrupaci\u00f3n 14 DE JUNIO<\/strong>&nbsp;en comuni\u00f3n con nuestros ideales, se ha propuesto crear una biblioteca p\u00fablica de tipo cient\u00edfico, cuyo planeamiento y organizaci\u00f3n se est\u00e1 llevando a cabo por un grupo de personas capacitadas para esta labor y que muy pronto con la ayuda de Dios, estar\u00e1 al alcance de este pueblo digno por cuya libertad material y espiritual luchamos hoy\u2026 Una vez m\u00e1s el 14 de Junio que ha sobrevivido por su fe en el pueblo y para el pueblo, demuestra en inter\u00e9s de brindar a las clases humildes del pa\u00eds la oportunidad de prepararse y competir a base de su capacitaci\u00f3n en cualquier campo, por sus ideales y mejoramiento\u201d.<\/p>\n\n\n\n<p>A trav\u00e9s de las columnas La mujer en la hora, Mujer y pol\u00edtica y a ti mujer, intentaron visibilizar las problem\u00e1ticas espec\u00edficas de las mujeres en la sociedad dominicana y proponer soluciones desde una perspectiva revolucionaria. En ruptura con el feminismo de tipo liberal la preocupaci\u00f3n central estaba puesta sobre los problemas que afectaban a las mujeres pobres tanto del campo como de la ciudad. En ese orden, se enfocaban en aquellas que \u201cvienen con jarras y latas oxidadas a tomar agua y m\u00e1s enfermedades a la llave com\u00fan que surte todo el barrio\u201d\u2026 \u201clas que viven en habitaci\u00f3n con paredes inclinadas de cart\u00f3n y madera vieja y techo de yagua que es su casa\u201d, etc.<\/p>\n\n\n\n<p>Conscientes de que la mujer \u201ces, casi siempre, factor positivo de radicalizaci\u00f3n de las luchas y de ahondamiento de las determinaciones pol\u00edticas\u201d, durante la asamblea celebrada los d\u00edas 8 y 9 de diciembre de 1962 se eligi\u00f3 a la Ing. Tomasina Cabral \u201cSina\u201d, en el Comit\u00e9 Ejecutivo Central para dirigir la Comisi\u00f3n de Asuntos Femeninos, quien le imprimi\u00f3 un enfoque revolucionario, enraizado en la lucha contra todas las formas de opresi\u00f3n. En uno de sus m\u00e1s vibrantes discursos, Sina defini\u00f3 al \u201c14 de Junio como salvaguarda de los ideales de las&nbsp;<strong>Hermanas Mirabal<\/strong>, y que la simiente que ellas sembraron est\u00e1 en las conciencias de todos los aqu\u00ed congregados. Cuando la lucha es entre lo que va hacia atr\u00e1s y lo que marcha hacia adelante; entre lo viejo y lo nuevo, la lucha se decide por lo m\u00e1s avanzado\u201d.<\/p>\n\n\n\n<p>Aplicando una visi\u00f3n mucho m\u00e1s amplia sobre sus palabras, se pudiera decir que las mismas redefin\u00edan el proyecto revolucionario del 1J4 ya que lo elevaban a un marco pol\u00edtico e ideol\u00f3gico en donde la victoria de lo \u201cnuevo contra lo viejo\u201d traer\u00eda consigo la erradicaci\u00f3n de todas las formas de dominaci\u00f3n social, incluyendo el patriarcado, siguiendo los ideales de&nbsp;<strong>Minerva Mirabal<\/strong>. En la pr\u00f3xima entrega abordaremos la Comisi\u00f3n de Asistencia Social, una dependencia de la Asociaci\u00f3n Femenina del 14 de Junio que teji\u00f3 una vasta red de solidaridad y cuidado por todo el pa\u00eds, orientada hacia la protecci\u00f3n de los sectores m\u00e1s humildes del pueblo dominicano.<\/p>\n\n\n\n<p>Reproducido de www.hoy.com.do<\/p>\n","protected":false},"excerpt":{"rendered":"<p>ART\u00cdCULO INVITADO Por Amaurys P\u00e9rez Vargas En la etapa de la vida p\u00fablica de la&nbsp;Agrupaci\u00f3n&hellip;<\/p>\n","protected":false},"author":2,"featured_media":72166,"comment_status":"open","ping_status":"open","sticky":false,"template":"","format":"standard","meta":{"footnotes":""},"categories":[66,55],"tags":[],"class_list":["post-72172","post","type-post","status-publish","format-standard","has-post-thumbnail","hentry","category-articulo-invitado","category-nacionales"],"_links":{"self":[{"href":"https:\/\/eldiarioantillano.com\/uno\/wp-json\/wp\/v2\/posts\/72172","targetHints":{"allow":["GET"]}}],"collection":[{"href":"https:\/\/eldiarioantillano.com\/uno\/wp-json\/wp\/v2\/posts"}],"about":[{"href":"https:\/\/eldiarioantillano.com\/uno\/wp-json\/wp\/v2\/types\/post"}],"author":[{"embeddable":true,"href":"https:\/\/eldiarioantillano.com\/uno\/wp-json\/wp\/v2\/users\/2"}],"replies":[{"embeddable":true,"href":"https:\/\/eldiarioantillano.com\/uno\/wp-json\/wp\/v2\/comments?post=72172"}],"version-history":[{"count":1,"href":"https:\/\/eldiarioantillano.com\/uno\/wp-json\/wp\/v2\/posts\/72172\/revisions"}],"predecessor-version":[{"id":72173,"href":"https:\/\/eldiarioantillano.com\/uno\/wp-json\/wp\/v2\/posts\/72172\/revisions\/72173"}],"wp:featuredmedia":[{"embeddable":true,"href":"https:\/\/eldiarioantillano.com\/uno\/wp-json\/wp\/v2\/media\/72166"}],"wp:attachment":[{"href":"https:\/\/eldiarioantillano.com\/uno\/wp-json\/wp\/v2\/media?parent=72172"}],"wp:term":[{"taxonomy":"category","embeddable":true,"href":"https:\/\/eldiarioantillano.com\/uno\/wp-json\/wp\/v2\/categories?post=72172"},{"taxonomy":"post_tag","embeddable":true,"href":"https:\/\/eldiarioantillano.com\/uno\/wp-json\/wp\/v2\/tags?post=72172"}],"curies":[{"name":"wp","href":"https:\/\/api.w.org\/{rel}","templated":true}]}}