{"id":72170,"date":"2025-03-19T00:02:00","date_gmt":"2025-03-19T04:02:00","guid":{"rendered":"https:\/\/eldiarioantillano.com\/uno\/?p=72170"},"modified":"2025-03-18T21:15:35","modified_gmt":"2025-03-19T01:15:35","slug":"bandidos-queman-blindado-en-haiti-con-cocteles-molotov","status":"publish","type":"post","link":"https:\/\/eldiarioantillano.com\/uno\/2025\/03\/19\/bandidos-queman-blindado-en-haiti-con-cocteles-molotov\/","title":{"rendered":"Bandidos queman blindado en Hait\u00ed con cocteles molotov"},"content":{"rendered":"\n<p>Puerto Pr\u00edncipe (Prensa Latina) La Polic\u00eda Nacional de Hait\u00ed (PNH) cuenta hoy con un veh\u00edculo blindado menos, luego que los pandilleros en la comuna de Kenscoff dejaran caer una lluvia de c\u00f3cteles molotov sobre el equipo.<\/p>\n\n\n\n<p>No es la primera vez que los bandidos dejan fuera de combate estos ingenios en Puerto Pr\u00edncipe, pero sus tripulantes lograron escapar ilesos, precis\u00f3 el diario digital Hait\u00ed Libre.<\/p>\n\n\n\n<p>En la segunda quincena de febrero, los pandilleros quemaron otro blindado de la PNH en esa comuna.<\/p>\n\n\n\n<p>Inicialmente, los bandidos lograron apoderarse de dos veh\u00edculos blindados que debieron detener su marcha debido a lo irregular del terreno.<\/p>\n\n\n\n<p>Los maleantes hicieron diana en el cuello de un oficial, y acto seguido las tripulaciones huyeron para salvar sus vidas, pues es sabido que los pandilleros les prenden fuego a estos equipos de la infanter\u00eda motorizada policial con sus agentes adentro.<\/p>\n\n\n\n<p>El comando pudo reorganizarse y regresar, pero solo pudieron rescatar un blindado, pues el otro ya ard\u00eda.<\/p>\n\n\n\n<p>Seg\u00fan el sitio digital Noticias Kominotek, un oficial que particip\u00f3 en la operaci\u00f3n denunci\u00f3 la inadecuaci\u00f3n de estos veh\u00edculos para las pendientes, pues su transmisi\u00f3n manual complica considerablemente su manejo y limita su eficiencia a la hora de manejarlo en ese tipo de terreno.<\/p>\n\n\n\n<p>La (PNH) y el Ej\u00e9rcito intentan sin \u00e9xito desde enero expulsar a los pandilleros de la comuna de Kenscoff.<\/p>\n\n\n\n<p>El asedio a Kenscoff preocupa al Gobierno, al punto que el propio Comandante en jefe de la PNH, Rameau Normil, orient\u00f3 las misiones a sus agentes desde el teatro de operaciones para impedir que la comuna sea otra conquista de los bandidos.<\/p>\n\n\n\n<p>Normil en los \u00faltimos d\u00edas estuvo reunido con los cuerpos especializados para trazar nuevas estrategias en la lucha antipandillas, pero su presencia en Kenscoff manifiesta en alg\u00fan modo la gravedad de la situaci\u00f3n y su inter\u00e9s por poner punto final a la ola de violencia que vive la llamada Perla de las Antillas.<\/p>\n\n\n\n<p>rc\/joe<\/p>\n","protected":false},"excerpt":{"rendered":"<p>Puerto Pr\u00edncipe (Prensa Latina) La Polic\u00eda Nacional de Hait\u00ed (PNH) cuenta hoy con un veh\u00edculo&hellip;<\/p>\n","protected":false},"author":2,"featured_media":66353,"comment_status":"open","ping_status":"open","sticky":false,"template":"","format":"standard","meta":{"footnotes":""},"categories":[52,53],"tags":[],"class_list":["post-72170","post","type-post","status-publish","format-standard","has-post-thumbnail","hentry","category-internacionales","category-prensa-latina"],"_links":{"self":[{"href":"https:\/\/eldiarioantillano.com\/uno\/wp-json\/wp\/v2\/posts\/72170","targetHints":{"allow":["GET"]}}],"collection":[{"href":"https:\/\/eldiarioantillano.com\/uno\/wp-json\/wp\/v2\/posts"}],"about":[{"href":"https:\/\/eldiarioantillano.com\/uno\/wp-json\/wp\/v2\/types\/post"}],"author":[{"embeddable":true,"href":"https:\/\/eldiarioantillano.com\/uno\/wp-json\/wp\/v2\/users\/2"}],"replies":[{"embeddable":true,"href":"https:\/\/eldiarioantillano.com\/uno\/wp-json\/wp\/v2\/comments?post=72170"}],"version-history":[{"count":1,"href":"https:\/\/eldiarioantillano.com\/uno\/wp-json\/wp\/v2\/posts\/72170\/revisions"}],"predecessor-version":[{"id":72171,"href":"https:\/\/eldiarioantillano.com\/uno\/wp-json\/wp\/v2\/posts\/72170\/revisions\/72171"}],"wp:featuredmedia":[{"embeddable":true,"href":"https:\/\/eldiarioantillano.com\/uno\/wp-json\/wp\/v2\/media\/66353"}],"wp:attachment":[{"href":"https:\/\/eldiarioantillano.com\/uno\/wp-json\/wp\/v2\/media?parent=72170"}],"wp:term":[{"taxonomy":"category","embeddable":true,"href":"https:\/\/eldiarioantillano.com\/uno\/wp-json\/wp\/v2\/categories?post=72170"},{"taxonomy":"post_tag","embeddable":true,"href":"https:\/\/eldiarioantillano.com\/uno\/wp-json\/wp\/v2\/tags?post=72170"}],"curies":[{"name":"wp","href":"https:\/\/api.w.org\/{rel}","templated":true}]}}