{"id":72160,"date":"2025-03-18T00:05:00","date_gmt":"2025-03-18T04:05:00","guid":{"rendered":"https:\/\/eldiarioantillano.com\/uno\/?p=72160"},"modified":"2025-03-17T19:55:56","modified_gmt":"2025-03-17T23:55:56","slug":"por-que-es-importante-el-8-de-marzo","status":"publish","type":"post","link":"https:\/\/eldiarioantillano.com\/uno\/2025\/03\/18\/por-que-es-importante-el-8-de-marzo\/","title":{"rendered":"\u00bfPor qu\u00e9 es importante el 8 de marzo?"},"content":{"rendered":"\n<p>Conmemorar el 8 de marzo sigue siendo importante porque nos invita a so\u00f1ar lo que ser\u00eda un mundo justo con las mujeres y eso las beneficia a ellas, a los hombres, a las familias y a los pa\u00edses.<\/p>\n\n\n\n<p>Por ESTHER HERN\u00c1NDEZ MEDINA<\/p>\n\n\n\n<p class=\"has-text-align-right\"><em>El enemigo no es el feminismo. Es la desigualdad <\/em><br>Radhive P\u00e9rez<\/p>\n\n\n<div class=\"wp-block-image is-style-rounded\">\n<figure class=\"alignright size-thumbnail\"><img decoding=\"async\" width=\"150\" height=\"150\" src=\"https:\/\/eldiarioantillano.com\/uno\/wp-content\/uploads\/2024\/04\/Esther-150x150.jpg\" alt=\"\" class=\"wp-image-66217\" srcset=\"https:\/\/eldiarioantillano.com\/uno\/wp-content\/uploads\/2024\/04\/Esther-150x150.jpg 150w, https:\/\/eldiarioantillano.com\/uno\/wp-content\/uploads\/2024\/04\/Esther-300x300.jpg 300w, https:\/\/eldiarioantillano.com\/uno\/wp-content\/uploads\/2024\/04\/Esther-585x585.jpg 585w, https:\/\/eldiarioantillano.com\/uno\/wp-content\/uploads\/2024\/04\/Esther.jpg 640w\" sizes=\"(max-width: 150px) 100vw, 150px\" \/><figcaption class=\"wp-element-caption\">Esther Hern\u00e1ndez Medina<\/figcaption><\/figure>\n<\/div>\n\n\n<p>El 8 de marzo pasado conmemoramos el D\u00eda Internacional de la Mujer. En Rep\u00fablica Dominicana y en muchos pa\u00edses alrededor del mundo se llevaron a cabo miles de marchas, concentraciones, actos de premiaci\u00f3n, actividades art\u00edsticas y culturales y un mont\u00f3n de eventos m\u00e1s. Hasta en Estados Unidos, un pa\u00eds donde generalmente no se presta mucha atenci\u00f3n a este d\u00eda, hubo marchas multitudinarias en ciudades desde Los \u00c1ngeles hasta Nueva York. Es un d\u00eda en el que recordamos las luchas de las mujeres (en su mayor\u00eda feministas) que nos precedieron desde las sufragistas y abolicionistas hasta las anarquistas, desde las comunistas y socialistas hasta las liberales.<\/p>\n\n\n\n<p>Es un d\u00eda que se conmemora desde hace <a href=\"https:\/\/www.bbc.com\/mundo\/articles\/c51l4e48dvmo\">m\u00e1s de 100 a\u00f1os<\/a> y que ha ido ampliando su importancia y su significado desde su origen como el D\u00eda Internacional de la Mujer Trabajadora hasta la visibilidad inmensa que tiene como s\u00edmbolo de la lucha por la equidad entre mujeres y hombres en el mundo de hoy. Esta visibilidad puede hacernos creer que ya todo est\u00e1 logrado. Pero no es as\u00ed. El 8 de marzo sigue siendo importante porque nos invita a so\u00f1ar lo que ser\u00eda un mundo justo para todas las personas empezando con las mujeres.<\/p>\n\n\n\n<p><em><strong>Un mundo m\u00e1s justo con las mujeres beneficia a las mujeres<\/strong><\/em><\/p>\n\n\n\n<p>La lucha por construir un mundo m\u00e1s equitativo entre hombres y mujeres beneficia a las mujeres al reducir las brechas que las desfavorecen. Conmemorar el 8 de marzo nos recuerda que las conquistas del movimiento feminista para que las mujeres puedan ejercer sus derechos han sido muchas. Por ejemplo, en la mayor\u00eda de los pa\u00edses (todav\u00eda no en todos), las mujeres pueden votar, pueden ser elegidas, pueden tener recursos propios e incluso sus propias empresas sin pedir permiso a sus esposos y pueden tener custodia de sus hijas y de sus hijos. Tambi\u00e9n en muchos pa\u00edses, la violencia por parte de los hombres contra las mujeres ya no es bien vista y cada vez se usan menos excusas (como la del famoso \u201centre marido y mujer nadie se debe meter\u201d que tanto se dec\u00eda en nuestro pa\u00eds) para justificarla.<\/p>\n\n\n\n<p>Lamentablemente, estos avances que costaron tanto y se llevaron tanto tiempo han hecho que algunas personas crean que ya la equidad entre hombres y mujeres se logr\u00f3 y que las feministas estamos exagerando. Esas personas no saben que eso mismo dec\u00eda mucha gente sobre cada una de estas demandas. A las feministas que encabezaron estas luchas tambi\u00e9n se les tild\u00f3 de \u201clocas\u201d o \u201chist\u00e9ricas\u201d por pretender que las mujeres fueran tratadas como los seres humanos completos que son. En algunos pa\u00edses incluso fueron encarceladas y torturadas como ocurri\u00f3 con muchas sufragistas en Inglaterra y en EEUU y todav\u00eda hoy muchas mujeres (sean feministas o no) pueden morir o perder su libertad por pretender caminar solas en la calle o tener una educaci\u00f3n como ocurre en pa\u00edses como Ir\u00e1n y Afganist\u00e1n.<\/p>\n\n\n\n<p>Los casos de Ir\u00e1n y Afganist\u00e1n tambi\u00e9n nos recuerdan que los derechos conquistados se pueden volver a perder. En ambos pa\u00edses las mujeres hab\u00edan llegado ya a la educaci\u00f3n, al mundo del trabajo, a la independencia econ\u00f3mica e incluso al parlamento. Pero los sectores m\u00e1s conservadores y fanatizados lograron volver al poder y han vuelto a convertir sus vidas en una c\u00e1rcel. Incluso en pa\u00edses ricos como EE.\u00a0UU. y varios pa\u00edses europeos han cobrado fuerza o est\u00e1n en el poder movimientos pol\u00edticos y sociales que buscan limitar los derechos de las mujeres y de otros grupos. Y si nos fijamos en las tendencias mundiales falta mucho por hacer. Por ejemplo, 1 de cada 3 mujeres ha sido o ser\u00e1 v\u00edctima de violencia f\u00edsica o sexual, 4 de cada 10 mujeres vive en pa\u00edses donde se limitan sus derechos sexuales y reproductivos por ley (incluyendo RD), 119 millones de ni\u00f1as no tienen acceso a la escuela y el Foro Econ\u00f3mico Mundial estimaba el a\u00f1o pasado que, si no hacemos nada, <a href=\"https:\/\/es.weforum.org\/stories\/2024\/06\/este-es-el-estado-de-la-paridad-de-genero-en-2024-y-lo-que-debe-cambiar-para-cerrar-la-brecha-de-genero-global\/\">se llevar\u00e1 134 a\u00f1os<\/a> cerrar la brecha de la desigualdad entre los hombres y las mujeres en la econom\u00eda, la pol\u00edtica, la educaci\u00f3n y la salud.<\/p>\n\n\n\n<p>Peor a\u00fan, como vimos con la actuaci\u00f3n autoritaria de un grupo de polic\u00edas en el mismo <a href=\"https:\/\/acento.com.do\/opinion\/8-de-marzo-y-represion-cultural-9467521.html\">acto cultural del 8 de marzo<\/a> en el Parque Independencia, la desigualdad y la discriminaci\u00f3n afecta mucho m\u00e1s a ciertos grupos de mujeres. Eso ocurre, por ejemplo, con las mujeres negras y con menores recursos econ\u00f3micos que son la mayor\u00eda en nuestro pa\u00eds y eran las protagonistas del acto en el momento en que los polic\u00edas irrumpieron para terminar la presentaci\u00f3n de una destacada cantante de salve y su grupo creyendo que estaban cantando en creole. Dudo sobremanera que eso habr\u00eda ocurrido con un grupo de mujeres blancas cantando en ingl\u00e9s o franc\u00e9s.<\/p>\n\n\n\n<p><em><strong>Un mundo m\u00e1s justo con las mujeres tambi\u00e9n beneficia a los hombres<\/strong><\/em><\/p>\n\n\n\n<p>La lucha del feminismo no es contra los hombres sino contra la injusticia y la desigualdad como explic\u00f3 brillantemente <a href=\"https:\/\/hoy.com.do\/el-feminismo-no-es-el-enemigo\/\">Radhive P\u00e9rez<\/a>. Es contra el sistema social en el que se pone a los hombres (especialmente los ricos, blancos y heterosexuales) como modelo de lo humano y se ve como inferiores a todos los dem\u00e1s grupos. Ese sistema social se manifiesta todos los d\u00edas de diferentes maneras en los hogares, en la calle, en la pol\u00edtica, en la medicina, en el mercado de trabajo\u2026 Se expresa en cr\u00edmenes horrendos como los feminicidios (\u201c\u00a1si no eres m\u00eda, no ser\u00e1s de nadie!\u201d) o en dimensiones culturales como los prejuicios que tanta gente tiene sobre las mujeres en la pol\u00edtica (\u201c\u00bfpero y qui\u00e9n atiende a su marido?\u201d).<\/p>\n\n\n\n<p>Pero con frecuencia se nos olvida que este sistema social tan desigual tambi\u00e9n afecta negativamente a los hombres. Como sociedad obligamos a los ni\u00f1os a basar su identidad como varones en el desapego y la violencia incluso contra ellos mismos. Desde peque\u00f1itos les decimos que \u201clos hombres no lloran\u201d y condenamos sus expresiones de ternura. Esta forma tan cerrada de criar y educar a los varones tiene consecuencias terribles entre los adolescentes y hombres j\u00f3venes: sus tasas de suicido son mucho mayores que las de las mujeres y lo mismo ocurre con los homicidios en general. Como muestra el documental \u201c<a href=\"https:\/\/therepproject.org\/films\/the-mask-you-live-in\/\">The Mask You Live In<\/a>\u201d (\u201cLa m\u00e1scara en la que vives\u201d), muchos hombres j\u00f3venes se sienten atrapados en esa m\u00e1scara de fortaleza falsa que tienen que mostrar renunciando a sus emociones. En el caso de los hombres mayores, las y los expertos est\u00e1n preocupados por fen\u00f3menos como la \u201cepidemia de <a href=\"https:\/\/cnnespanol.cnn.com\/2023\/09\/18\/analisis-epidemia-soledad-masculina-afecta-padres-trax\">soledad masculina<\/a>\u201d que han ido en aumento y ponen en peligro su salud.<\/p>\n\n\n\n<p>Por el contrario, la lucha feminista para que las mujeres puedan ser y hacer todo lo que quieran ser y hacer tambi\u00e9n abre las puertas para que los hombres puedan hacer lo mismo. Les invita a que puedan expresar todas sus emociones sin usar la violencia. Si son padres, les da permiso para tambi\u00e9n disfrutar criar a sus hijas e hijos como se ha logrado, por ejemplo, en los pa\u00edses n\u00f3rdicos con la expansi\u00f3n de los permisos de maternidad y paternidad propuestos por las feministas. Les muestra que abrirse al amor, a la amistad, al cuidar a otras personas, en fin, a todo lo que asociamos con lo femenino y con las mujeres no es una debilidad sino parte de lo que somos todos los seres humanos. El movimiento feminista lucha por un mundo m\u00e1s justo en el que nadie tenga que sentirse atrapado por los prejuicios sobre lo que supuestamente debe hacer un hombre o debe hacer una mujer.<\/p>\n\n\n\n<p><em><strong>Un mundo m\u00e1s justo con las mujeres beneficia a las familias, a las comunidades y a los pa\u00edses<\/strong><\/em><\/p>\n\n\n\n<p>Construir un mundo m\u00e1s justo con las mujeres tambi\u00e9n beneficia a sus familias, sus comunidades y los pa\u00edses donde viven. Hace muchos a\u00f1os que este conocimiento se pone en pr\u00e1ctica en el mundo de la cooperaci\u00f3n y las pol\u00edticas p\u00fablicas aunque necesitamos hacerlo mucho m\u00e1s. Por ejemplo, esta es la raz\u00f3n por la que en los programas de apoyo a las familias el dinero generalmente se entrega a las madres siguiendo los resultados de los estudios que muestran que las mujeres utilizan esos recursos para beneficio de sus hijos e hijas mucho m\u00e1s que los hombres. Otros estudios, como el trabajo de la soci\u00f3loga estadounidense Theda Skocpol, muestran que las pol\u00edticas p\u00fablicas empiezan a cambiar cuando hay m\u00e1s mujeres en la pol\u00edtica (especialmente en el congreso). Y el cambio se da porque las mujeres incluyen en la agenda p\u00fablica temas que benefician a las familias y a los que los hombres no prestan la misma atenci\u00f3n por la forma en que son criados como la nutrici\u00f3n, la educaci\u00f3n y la salud.<\/p>\n\n\n\n<p>Las mujeres tambi\u00e9n asumen roles cruciales de liderazgo y de cuidado de otras personas en sus comunidades. Uno de mis ejemplos favoritos en nuestro pa\u00eds es el de la Confederaci\u00f3n Nacional de Mujeres del Campo (<a href=\"https:\/\/acento.com.do\/opinion\/la-increible-historia-de-conamuca-9411880.html\">CONAMUCA<\/a>) de la que les habl\u00e9 en una columna anterior. Un ejemplo internacional que siempre me ha llamado la atenci\u00f3n es el rol de las mujeres en los <a href=\"https:\/\/elpais.com\/planeta-futuro\/2023-07-19\/ruanda-cuando-las-mujeres-impulsan-el-perdon.html\">procesos de reconciliaci\u00f3n<\/a> para empezar a sanar el da\u00f1o generado por el genocidio en Ruanda.<\/p>\n\n\n\n<p>En otras palabras, si nos lo proponemos, construir un mundo justo con las mujeres es crucial para lograr que todas las personas, comunidades y pa\u00edses puedan florecer.<\/p>\n","protected":false},"excerpt":{"rendered":"<p>Conmemorar el 8 de marzo sigue siendo importante porque nos invita a so\u00f1ar lo que&hellip;<\/p>\n","protected":false},"author":2,"featured_media":66217,"comment_status":"open","ping_status":"open","sticky":false,"template":"","format":"standard","meta":{"footnotes":""},"categories":[70,55,51],"tags":[],"class_list":["post-72160","post","type-post","status-publish","format-standard","has-post-thumbnail","hentry","category-esther-hernandez-medina","category-nacionales","category-opinion"],"_links":{"self":[{"href":"https:\/\/eldiarioantillano.com\/uno\/wp-json\/wp\/v2\/posts\/72160","targetHints":{"allow":["GET"]}}],"collection":[{"href":"https:\/\/eldiarioantillano.com\/uno\/wp-json\/wp\/v2\/posts"}],"about":[{"href":"https:\/\/eldiarioantillano.com\/uno\/wp-json\/wp\/v2\/types\/post"}],"author":[{"embeddable":true,"href":"https:\/\/eldiarioantillano.com\/uno\/wp-json\/wp\/v2\/users\/2"}],"replies":[{"embeddable":true,"href":"https:\/\/eldiarioantillano.com\/uno\/wp-json\/wp\/v2\/comments?post=72160"}],"version-history":[{"count":1,"href":"https:\/\/eldiarioantillano.com\/uno\/wp-json\/wp\/v2\/posts\/72160\/revisions"}],"predecessor-version":[{"id":72161,"href":"https:\/\/eldiarioantillano.com\/uno\/wp-json\/wp\/v2\/posts\/72160\/revisions\/72161"}],"wp:featuredmedia":[{"embeddable":true,"href":"https:\/\/eldiarioantillano.com\/uno\/wp-json\/wp\/v2\/media\/66217"}],"wp:attachment":[{"href":"https:\/\/eldiarioantillano.com\/uno\/wp-json\/wp\/v2\/media?parent=72160"}],"wp:term":[{"taxonomy":"category","embeddable":true,"href":"https:\/\/eldiarioantillano.com\/uno\/wp-json\/wp\/v2\/categories?post=72160"},{"taxonomy":"post_tag","embeddable":true,"href":"https:\/\/eldiarioantillano.com\/uno\/wp-json\/wp\/v2\/tags?post=72160"}],"curies":[{"name":"wp","href":"https:\/\/api.w.org\/{rel}","templated":true}]}}