{"id":72149,"date":"2025-03-18T00:03:00","date_gmt":"2025-03-18T04:03:00","guid":{"rendered":"https:\/\/eldiarioantillano.com\/uno\/?p=72149"},"modified":"2025-03-20T01:47:48","modified_gmt":"2025-03-20T05:47:48","slug":"haran-concierto-en-homenaje-a-orlando-martinez-este-domingo-23-en-la-uasd","status":"publish","type":"post","link":"https:\/\/eldiarioantillano.com\/uno\/2025\/03\/18\/haran-concierto-en-homenaje-a-orlando-martinez-este-domingo-23-en-la-uasd\/","title":{"rendered":"Har\u00e1n concierto en homenaje a Orlando Mart\u00ednez este domingo 23 en la UASD"},"content":{"rendered":"\n<p>Otra de las actividades en el cincuenta aniversario del asesinado periodista Orlando Mart\u00ednez durante la dictadura de los Doce A\u00f1os de Balaguer, es el concierto Artistas Cantan a Orlando, que contar\u00e1 con cantautores como Xiomara Fortuna, Enrique Feliz, Cheo Zorrilla y otros cantantes destacados. Por igual, ser\u00e1n acompa\u00f1ados por una exposici\u00f3n de fotograf\u00edas en honor a Orlando Mart\u00ednez en  el Paraninfo de la Facultad de Ciencias Sociales  de la Universidad Aut\u00f3noma de Santo Domingo.<br><br><\/p>\n","protected":false},"excerpt":{"rendered":"<p>Otra de las actividades en el cincuenta aniversario del asesinado periodista Orlando Mart\u00ednez durante la&hellip;<\/p>\n","protected":false},"author":2,"featured_media":72142,"comment_status":"open","ping_status":"open","sticky":false,"template":"","format":"standard","meta":{"footnotes":""},"categories":[63,55],"tags":[],"class_list":["post-72149","post","type-post","status-publish","format-standard","has-post-thumbnail","hentry","category-cultura","category-nacionales"],"_links":{"self":[{"href":"https:\/\/eldiarioantillano.com\/uno\/wp-json\/wp\/v2\/posts\/72149","targetHints":{"allow":["GET"]}}],"collection":[{"href":"https:\/\/eldiarioantillano.com\/uno\/wp-json\/wp\/v2\/posts"}],"about":[{"href":"https:\/\/eldiarioantillano.com\/uno\/wp-json\/wp\/v2\/types\/post"}],"author":[{"embeddable":true,"href":"https:\/\/eldiarioantillano.com\/uno\/wp-json\/wp\/v2\/users\/2"}],"replies":[{"embeddable":true,"href":"https:\/\/eldiarioantillano.com\/uno\/wp-json\/wp\/v2\/comments?post=72149"}],"version-history":[{"count":1,"href":"https:\/\/eldiarioantillano.com\/uno\/wp-json\/wp\/v2\/posts\/72149\/revisions"}],"predecessor-version":[{"id":72150,"href":"https:\/\/eldiarioantillano.com\/uno\/wp-json\/wp\/v2\/posts\/72149\/revisions\/72150"}],"wp:featuredmedia":[{"embeddable":true,"href":"https:\/\/eldiarioantillano.com\/uno\/wp-json\/wp\/v2\/media\/72142"}],"wp:attachment":[{"href":"https:\/\/eldiarioantillano.com\/uno\/wp-json\/wp\/v2\/media?parent=72149"}],"wp:term":[{"taxonomy":"category","embeddable":true,"href":"https:\/\/eldiarioantillano.com\/uno\/wp-json\/wp\/v2\/categories?post=72149"},{"taxonomy":"post_tag","embeddable":true,"href":"https:\/\/eldiarioantillano.com\/uno\/wp-json\/wp\/v2\/tags?post=72149"}],"curies":[{"name":"wp","href":"https:\/\/api.w.org\/{rel}","templated":true}]}}