{"id":72147,"date":"2025-03-18T00:01:00","date_gmt":"2025-03-18T04:01:00","guid":{"rendered":"https:\/\/eldiarioantillano.com\/uno\/?p=72147"},"modified":"2025-03-17T19:16:01","modified_gmt":"2025-03-17T23:16:01","slug":"realizaran-exposicion-de-arte-visual-este-jueves-20-en-honor-a-orlando-martinez","status":"publish","type":"post","link":"https:\/\/eldiarioantillano.com\/uno\/2025\/03\/18\/realizaran-exposicion-de-arte-visual-este-jueves-20-en-honor-a-orlando-martinez\/","title":{"rendered":"Realizar\u00e1n exposici\u00f3n de arte visual este jueves 20 en honor a Orlando Mart\u00ednez"},"content":{"rendered":"\n<p>Como parte de las actividades en honor a Orlando Mart\u00ednez en el cincuenta aniversario de su asesinato,  se inaugura este jueves 20 de marzo, a partir de las 5 de la tarde, la exposici\u00f3n Artistas Visuales con Orlando en la cual se exhibir\u00e1n obras de Silvano Lora, Elsa N\u00fa\u00f1ez, Alberto B\u00e1ez, Antonio Guadalupe, Carlos Sangiovanni, Jos\u00e9 Cestero, Alfredo Pierre, entre otros artistas, en el Museo de la Universidad Aut\u00f3noma de Santo Domingo.\u00a0\u00a0<\/p>\n","protected":false},"excerpt":{"rendered":"<p>Como parte de las actividades en honor a Orlando Mart\u00ednez en el cincuenta aniversario de&hellip;<\/p>\n","protected":false},"author":2,"featured_media":72141,"comment_status":"open","ping_status":"open","sticky":false,"template":"","format":"standard","meta":{"footnotes":""},"categories":[63,55],"tags":[],"class_list":["post-72147","post","type-post","status-publish","format-standard","has-post-thumbnail","hentry","category-cultura","category-nacionales"],"_links":{"self":[{"href":"https:\/\/eldiarioantillano.com\/uno\/wp-json\/wp\/v2\/posts\/72147","targetHints":{"allow":["GET"]}}],"collection":[{"href":"https:\/\/eldiarioantillano.com\/uno\/wp-json\/wp\/v2\/posts"}],"about":[{"href":"https:\/\/eldiarioantillano.com\/uno\/wp-json\/wp\/v2\/types\/post"}],"author":[{"embeddable":true,"href":"https:\/\/eldiarioantillano.com\/uno\/wp-json\/wp\/v2\/users\/2"}],"replies":[{"embeddable":true,"href":"https:\/\/eldiarioantillano.com\/uno\/wp-json\/wp\/v2\/comments?post=72147"}],"version-history":[{"count":1,"href":"https:\/\/eldiarioantillano.com\/uno\/wp-json\/wp\/v2\/posts\/72147\/revisions"}],"predecessor-version":[{"id":72148,"href":"https:\/\/eldiarioantillano.com\/uno\/wp-json\/wp\/v2\/posts\/72147\/revisions\/72148"}],"wp:featuredmedia":[{"embeddable":true,"href":"https:\/\/eldiarioantillano.com\/uno\/wp-json\/wp\/v2\/media\/72141"}],"wp:attachment":[{"href":"https:\/\/eldiarioantillano.com\/uno\/wp-json\/wp\/v2\/media?parent=72147"}],"wp:term":[{"taxonomy":"category","embeddable":true,"href":"https:\/\/eldiarioantillano.com\/uno\/wp-json\/wp\/v2\/categories?post=72147"},{"taxonomy":"post_tag","embeddable":true,"href":"https:\/\/eldiarioantillano.com\/uno\/wp-json\/wp\/v2\/tags?post=72147"}],"curies":[{"name":"wp","href":"https:\/\/api.w.org\/{rel}","templated":true}]}}