{"id":72140,"date":"2025-03-18T00:00:00","date_gmt":"2025-03-18T04:00:00","guid":{"rendered":"https:\/\/eldiarioantillano.com\/uno\/?p=72140"},"modified":"2025-03-17T19:10:45","modified_gmt":"2025-03-17T23:10:45","slug":"la-uce-gradua-a-459-nuevos-profesionales-en-su-cxlvii-graduacion-de-grado","status":"publish","type":"post","link":"https:\/\/eldiarioantillano.com\/uno\/2025\/03\/18\/la-uce-gradua-a-459-nuevos-profesionales-en-su-cxlvii-graduacion-de-grado\/","title":{"rendered":"La UCE grad\u00faa a 459 nuevos profesionales en su CXLVII Graduaci\u00f3n de Grado"},"content":{"rendered":"\n<p><strong>San Pedro de Macor\u00eds, R.D.<\/strong>&nbsp;\u2013 La Universidad Central del Este (UCE) celebr\u00f3 su CXLVII Ceremonia de Graduaci\u00f3n de Grado, en un acto solemne donde 459 nuevos profesionales culminaron con \u00e9xito su formaci\u00f3n acad\u00e9mica, listos para aportar sus conocimientos y valores a la sociedad dominicana y al mundo.<\/p>\n\n\n\n<p>El rector de la UCE, Mtro. Jos\u00e9 Altagracia Hazim Torres, ofreci\u00f3 las palabras de bienvenida, en las que felicit\u00f3 a los graduandos y resalt\u00f3 su compromiso con la excelencia y la \u00e9tica profesional. \u201cGraduandos, ustedes son el reflejo de la transformaci\u00f3n de esta universidad. Llevan consigo no solo un t\u00edtulo, sino tambi\u00e9n una formaci\u00f3n de calidad, valores y una visi\u00f3n de futuro. Ahora les corresponde aplicar con pasi\u00f3n y responsabilidad todo lo aprendido, contribuyendo al desarrollo de sus comunidades y del pa\u00eds\u201d, expres\u00f3<\/p>\n\n\n\n<p>El discurso central estuvo a cargo de la Vicerrectora Administrativa, Licda. Berki Vargas, quien ofreci\u00f3 un mensaje inspirador a los egresados, inst\u00e1ndolos a construir un futuro s\u00f3lido basado en tres pilares: conocimiento, solidaridad y esperanza. \u201cLa educaci\u00f3n es un legado que trasciende generaciones, un puente que conecta el pasado, el presente y el futuro. Les invito a construir puentes de conocimiento, de solidaridad y de esperanza. Que su luz ilumine el camino de aquellos que vienen detr\u00e1s, y que su ejemplo inspire a otros a alcanzar sus sue\u00f1os\u201d, manifest\u00f3.<\/p>\n\n\n\n<figure class=\"wp-block-image size-large\"><img fetchpriority=\"high\" decoding=\"async\" width=\"1024\" height=\"682\" src=\"https:\/\/eldiarioantillano.com\/uno\/wp-content\/uploads\/2025\/03\/Foto-8-Graduandos-1-1024x682.jpeg\" alt=\"\" class=\"wp-image-72145\" srcset=\"https:\/\/eldiarioantillano.com\/uno\/wp-content\/uploads\/2025\/03\/Foto-8-Graduandos-1-1024x682.jpeg 1024w, https:\/\/eldiarioantillano.com\/uno\/wp-content\/uploads\/2025\/03\/Foto-8-Graduandos-1-300x200.jpeg 300w, https:\/\/eldiarioantillano.com\/uno\/wp-content\/uploads\/2025\/03\/Foto-8-Graduandos-1-768x512.jpeg 768w, https:\/\/eldiarioantillano.com\/uno\/wp-content\/uploads\/2025\/03\/Foto-8-Graduandos-1-1536x1023.jpeg 1536w, https:\/\/eldiarioantillano.com\/uno\/wp-content\/uploads\/2025\/03\/Foto-8-Graduandos-1-1170x780.jpeg 1170w, https:\/\/eldiarioantillano.com\/uno\/wp-content\/uploads\/2025\/03\/Foto-8-Graduandos-1-585x390.jpeg 585w, https:\/\/eldiarioantillano.com\/uno\/wp-content\/uploads\/2025\/03\/Foto-8-Graduandos-1-263x175.jpeg 263w, https:\/\/eldiarioantillano.com\/uno\/wp-content\/uploads\/2025\/03\/Foto-8-Graduandos-1.jpeg 1600w\" sizes=\"(max-width: 1024px) 100vw, 1024px\" \/><\/figure>\n\n\n\n<p>Posteriormente se procedi\u00f3 con la entrega de los t\u00edtulos nuevos profesionales. Por la Facultad Ciencias de la Salud contamos con 198, nuevos egresados. 47 de la Facultad Ciencias de las Ingenier\u00edas; 15 de la Facultad de Arquitectura y Artes; 71 de la Facultad Ciencias Administrativas; 54 de la Facultad Ciencias Jur\u00eddicas y 74 de la Facultad Ciencias y Humanidades.<\/p>\n\n\n\n<p>En esta ocasi\u00f3n, la graduanda de mayor \u00edndice acad\u00e9mico fue Susana Elizabeth Franquel Hern\u00e1ndez, beneficiaria del programa de becas del Instituto Nacional de Formaci\u00f3n y Capacitaci\u00f3n del Magisterio (INAFOCAM), quien se destac\u00f3 por su sobresaliente desempe\u00f1o durante toda su trayectoria universitaria.<\/p>\n\n\n\n<p>Con esta investidura, la UCE reafirma su compromiso de formar profesionales altamente capacitados para afrontar los desaf\u00edos del presente y el futuro. A lo largo de sus 54 a\u00f1os de historia, la instituci\u00f3n ha graduado a 61,725 egresados, consolidando su liderazgo en la educaci\u00f3n superior y su impacto en el desarrollo del pa\u00eds.<\/p>\n","protected":false},"excerpt":{"rendered":"<p>San Pedro de Macor\u00eds, R.D.&nbsp;\u2013 La Universidad Central del Este (UCE) celebr\u00f3 su CXLVII Ceremonia&hellip;<\/p>\n","protected":false},"author":2,"featured_media":72144,"comment_status":"open","ping_status":"open","sticky":false,"template":"","format":"standard","meta":{"footnotes":""},"categories":[55],"tags":[],"class_list":["post-72140","post","type-post","status-publish","format-standard","has-post-thumbnail","hentry","category-nacionales"],"_links":{"self":[{"href":"https:\/\/eldiarioantillano.com\/uno\/wp-json\/wp\/v2\/posts\/72140","targetHints":{"allow":["GET"]}}],"collection":[{"href":"https:\/\/eldiarioantillano.com\/uno\/wp-json\/wp\/v2\/posts"}],"about":[{"href":"https:\/\/eldiarioantillano.com\/uno\/wp-json\/wp\/v2\/types\/post"}],"author":[{"embeddable":true,"href":"https:\/\/eldiarioantillano.com\/uno\/wp-json\/wp\/v2\/users\/2"}],"replies":[{"embeddable":true,"href":"https:\/\/eldiarioantillano.com\/uno\/wp-json\/wp\/v2\/comments?post=72140"}],"version-history":[{"count":1,"href":"https:\/\/eldiarioantillano.com\/uno\/wp-json\/wp\/v2\/posts\/72140\/revisions"}],"predecessor-version":[{"id":72146,"href":"https:\/\/eldiarioantillano.com\/uno\/wp-json\/wp\/v2\/posts\/72140\/revisions\/72146"}],"wp:featuredmedia":[{"embeddable":true,"href":"https:\/\/eldiarioantillano.com\/uno\/wp-json\/wp\/v2\/media\/72144"}],"wp:attachment":[{"href":"https:\/\/eldiarioantillano.com\/uno\/wp-json\/wp\/v2\/media?parent=72140"}],"wp:term":[{"taxonomy":"category","embeddable":true,"href":"https:\/\/eldiarioantillano.com\/uno\/wp-json\/wp\/v2\/categories?post=72140"},{"taxonomy":"post_tag","embeddable":true,"href":"https:\/\/eldiarioantillano.com\/uno\/wp-json\/wp\/v2\/tags?post=72140"}],"curies":[{"name":"wp","href":"https:\/\/api.w.org\/{rel}","templated":true}]}}