{"id":72112,"date":"2025-03-16T00:00:00","date_gmt":"2025-03-16T04:00:00","guid":{"rendered":"https:\/\/eldiarioantillano.com\/uno\/?p=72112"},"modified":"2025-03-15T23:57:25","modified_gmt":"2025-03-16T03:57:25","slug":"panama-necesita-del-multilateralismo-ante-amenazas-de-eeuu","status":"publish","type":"post","link":"https:\/\/eldiarioantillano.com\/uno\/2025\/03\/16\/panama-necesita-del-multilateralismo-ante-amenazas-de-eeuu\/","title":{"rendered":"Panam\u00e1 necesita del multilateralismo ante amenazas de EEUU"},"content":{"rendered":"\n<p>Ciudad de Panam\u00e1, (Prensa Latina) Panam\u00e1 necesita hoy defender el multilateralismo ante la m\u00e1s reciente amenaza del presidente estadounidense Donald Trump de aumentar la presencia militar en el istmo para apropiarse del Canal, opinaron expertos.<\/p>\n\n\n\n<p>Mientras medios locales de prensa reflejan que el Departamento de Defensa de Estados Unidos estar\u00eda preparando planes para enviar tropas a Panam\u00e1 con el objetivo de tomar el control de la v\u00eda interoce\u00e1nica, y citan a la cadena NBC y fuentes ligadas al Gobierno, la administraci\u00f3n de Jos\u00e9 Ra\u00fal Mulino responde que no ha recibido informes al respecto.<\/p>\n\n\n\n<p>En un reciente foro titulado \u201cEl futuro del Canal de Panam\u00e1 en el tiempo de Trump\u201d, el abogado Alonso Illueca precis\u00f3 a Prensa Latina que el Ejecutivo rechaza recurrir al multilateralismo, como funcion\u00f3 en las negociaciones para los Tratados Torrijos-Carter, suscritos en 1977.<\/p>\n\n\n\n<p>En ese sentido, el letrado inst\u00f3 al Gobierno a impulsar esa campa\u00f1a con m\u00e1s fuerza en la Organizaci\u00f3n de Estados Americanos (OEA), que atesora esos documentos; y tambi\u00e9n en Naciones Unidas, donde desde enero de este a\u00f1o Panam\u00e1 es miembro no permanente del Consejo de Seguridad.<\/p>\n\n\n\n<p>Para Illueca, el primer organismo que pudo pronunciarse fue la Comunidad de Estados Latinoamericanos y Caribe\u00f1os (Celac) en enero \u00faltimo, pero el rechazo de Argentina imposibilit\u00f3 el consenso, tan como lo establecen las normas de ese mecanismo integracionista para la emisi\u00f3n de tales pronunciamientos.<\/p>\n\n\n\n<p>Tambi\u00e9n el excanciller Jos\u00e9 Eduardo Ritter inst\u00f3 a internacionalizar este problema y recabar el apoyo de la comunidad internacional.<\/p>\n\n\n\n<p>Otros analistas consultados por el diario La Estrella de Panam\u00e1 respaldaron la idea de que la actual pol\u00edtica exterior del pa\u00eds centroamericano presenta carencias y no parece haber una estrategia nacional clara, lo que facilita la imposici\u00f3n de los intereses de Washington.<\/p>\n\n\n\n<p>Para el abogado especialista en derecho internacional, Julio Linares, aunque el presidente Mulino ha desmentido a Trump, hay que pasar de reacciones a elaborar una estrategia m\u00e1s activa.<\/p>\n\n\n\n<p>Linares abog\u00f3 por asumir una postura de defensa del multilateralismo y de una diplomacia efectiva y digna.<\/p>\n\n\n\n<p>Por su parte, el abogado y presidente de la Asociaci\u00f3n Paname\u00f1a de Derecho Mar\u00edtimo, Joaqu\u00edn De Obarrio, sostuvo que otra herramienta de la cual no est\u00e1 echando mano el Gobierno es sumar adhesiones al Tratado de Neutralidad de 1977.<\/p>\n\n\n\n<p>De Obarrio explica que el Tratado deja claro que solo Panam\u00e1 puede tener fuerzas militar en el Canal. De all\u00ed que cualquier intervenci\u00f3n sin la autorizaci\u00f3n del Estado ser\u00eda una violaci\u00f3n a la norma.<\/p>\n\n\n\n<p>Para el catedr\u00e1tico de Relaciones Internacionales de la Universidad de Panam\u00e1 y ex secretario general de la canciller\u00eda, Jones Cooper, el Estado podr\u00eda convocar a la Carta de Naciones Unidas y de la Organizaci\u00f3n de Estados Americanos (OEA), instrumentos que dan fuerza jur\u00eddica a la defensa del pa\u00eds.<\/p>\n\n\n\n<p>Cooper insisti\u00f3 en que Panam\u00e1 tiene que internacionalizar la causa de la defensa del Canal y su soberan\u00eda, pero hace lo contrario, se pelea con potenciales pa\u00edses de Am\u00e9rica Latina; eleva tensiones con Europa y se China, en detrimento de cierto contrapeso.<\/p>\n\n\n\n<p>Record\u00f3 adem\u00e1s que la defensa tambi\u00e9n se construye desde adentro, con una s\u00f3lida unidad nacional, tema que no parece viable en medio de las contradicciones por la Caja de Seguro Social, el contrato minero y otros problemas locales en las que, a su juicio, el Gobierno de Mulino ha elegido la confrontaci\u00f3n en vez de buscar consensos.<\/p>\n\n\n\n<p>mem\/ga<\/p>\n","protected":false},"excerpt":{"rendered":"<p>Ciudad de Panam\u00e1, (Prensa Latina) Panam\u00e1 necesita hoy defender el multilateralismo ante la m\u00e1s reciente&hellip;<\/p>\n","protected":false},"author":2,"featured_media":72114,"comment_status":"open","ping_status":"open","sticky":false,"template":"","format":"standard","meta":{"footnotes":""},"categories":[52,53],"tags":[],"class_list":["post-72112","post","type-post","status-publish","format-standard","has-post-thumbnail","hentry","category-internacionales","category-prensa-latina"],"_links":{"self":[{"href":"https:\/\/eldiarioantillano.com\/uno\/wp-json\/wp\/v2\/posts\/72112","targetHints":{"allow":["GET"]}}],"collection":[{"href":"https:\/\/eldiarioantillano.com\/uno\/wp-json\/wp\/v2\/posts"}],"about":[{"href":"https:\/\/eldiarioantillano.com\/uno\/wp-json\/wp\/v2\/types\/post"}],"author":[{"embeddable":true,"href":"https:\/\/eldiarioantillano.com\/uno\/wp-json\/wp\/v2\/users\/2"}],"replies":[{"embeddable":true,"href":"https:\/\/eldiarioantillano.com\/uno\/wp-json\/wp\/v2\/comments?post=72112"}],"version-history":[{"count":1,"href":"https:\/\/eldiarioantillano.com\/uno\/wp-json\/wp\/v2\/posts\/72112\/revisions"}],"predecessor-version":[{"id":72115,"href":"https:\/\/eldiarioantillano.com\/uno\/wp-json\/wp\/v2\/posts\/72112\/revisions\/72115"}],"wp:featuredmedia":[{"embeddable":true,"href":"https:\/\/eldiarioantillano.com\/uno\/wp-json\/wp\/v2\/media\/72114"}],"wp:attachment":[{"href":"https:\/\/eldiarioantillano.com\/uno\/wp-json\/wp\/v2\/media?parent=72112"}],"wp:term":[{"taxonomy":"category","embeddable":true,"href":"https:\/\/eldiarioantillano.com\/uno\/wp-json\/wp\/v2\/categories?post=72112"},{"taxonomy":"post_tag","embeddable":true,"href":"https:\/\/eldiarioantillano.com\/uno\/wp-json\/wp\/v2\/tags?post=72112"}],"curies":[{"name":"wp","href":"https:\/\/api.w.org\/{rel}","templated":true}]}}