{"id":72104,"date":"2025-03-16T00:20:42","date_gmt":"2025-03-16T04:20:42","guid":{"rendered":"https:\/\/eldiarioantillano.com\/uno\/?p=72104"},"modified":"2025-03-16T00:20:45","modified_gmt":"2025-03-16T04:20:45","slug":"soberanistas-franceses-y-exoficiales-militares-se-oponen-a-compartir-la-disuasion-nuclear-francesa","status":"publish","type":"post","link":"https:\/\/eldiarioantillano.com\/uno\/2025\/03\/16\/soberanistas-franceses-y-exoficiales-militares-se-oponen-a-compartir-la-disuasion-nuclear-francesa\/","title":{"rendered":"Soberanistas franceses y exoficiales militares se oponen a compartir la disuasi\u00f3n nuclear francesa"},"content":{"rendered":"\n<p>Marzo de 2025 (EIRNS)\u2014El sitio web del partido pol\u00edtico franc\u00e9s Solidarit\u00e9 &amp; Progr\u00e8s public\u00f3 \u201cel siguiente llamamiento escrito por soberanistas que representan lo mejor de nuestros compromisos de defensa\u201d.<\/p>\n\n\n\n<p>T\u00cdTULO: \u201cLa disuasi\u00f3n nuclear, en esencia, es la expresi\u00f3n de una voluntad nacional y no puede ser compartida\u201d<\/p>\n\n\n\n<p>\u201cTRIBUNA del coronel Hogard, el coronel Corvez y el almirante Gaucherand: El presidente Macron se declara abierto a una disuasi\u00f3n nuclear europea, en marcado contraste con d\u00e9cadas de independencia francesa sobre el tema.<\/p>\n\n\n\n<p>\u201cLas armas nucleares no son m\u00e1s poderosas que cualquier otra arma, son el arma definitiva para la defensa de una naci\u00f3n cuya existencia misma, fuera de cualquier campo de batalla convencional, debe disuadir a cualquier enemigo potencial de atacarla, por temor a las terribles e insoportables represalias que eso implicar\u00eda para el atacante.<\/p>\n\n\n\n<p>\u201c\u00c9ste es el principio fundamental de la disuasi\u00f3n nuclear, concebido por los estrategas franceses \u2013los generales Gallois, Ailleret y otros\u2013 y previsto por el general de Gaulle ya al final de la Segunda Guerra Mundial, preparando al pa\u00eds para ello organizando la investigaci\u00f3n y creando la Comisi\u00f3n de Energ\u00eda At\u00f3mica [Commissariat \u00e0 l&#8217;\u00c9nergie Atomique] en 1945, y aplicado para Francia tan pronto como regres\u00f3 al poder en 1958.<\/p>\n\n\n\n<p>\u201cEs el arma que nos hace \u2018invulnerables\u2019, dijo, y deber\u00eda preservar la paz mediante el miedo al empleo. \u2018No hemos terminado con la bomba at\u00f3mica. El medio de guerra m\u00e1s poderoso comenz\u00f3 trayendo la paz. Una paz extra\u00f1a, pero paz al fin y al cabo. Esperen\u2019.<\/p>\n\n\n\n<p>\u00abLa fuerza de ataque de disuasi\u00f3n nuclear francesa no est\u00e1 concebida para atacar, sino para evitar ser atacado\u00bb, explic\u00f3 De Gaulle a Alain Peyrefitte (por entonces ministro de Informaci\u00f3n). Pocos dirigentes pol\u00edticos han asimilado este concepto a lo largo de los a\u00f1os, y menos a\u00fan los actuales. La disuasi\u00f3n nuclear es, en esencia, una expresi\u00f3n de la voluntad nacional y no puede compartirse. Su fuerza reside en la legitimidad del Presidente de la Rep\u00fablica, elegido por la naci\u00f3n mediante sufragio universal, que es el \u00fanico que puede decidir en \u00faltima instancia si se lanza o no el fuego nuclear.<\/p>\n\n\n\n<p>\u201cEn medio de tanto debilitamiento [de nuestro pa\u00eds], Francia todav\u00eda tiene la protecci\u00f3n definitiva y cre\u00edble de su soberan\u00eda. Vender nuestra capacidad de disuasi\u00f3n es inaceptable. Llamamos a una oposici\u00f3n firme y total al plan del presidente Macron. La Uni\u00f3n Europea es un conglomerado de entidades diversas, no una naci\u00f3n. La disuasi\u00f3n nuclear no se puede compartir\u201d.<\/p>\n\n\n\n<p>Primeros firmantes, a partir del 6 de marzo de 2025:<\/p>\n\n\n\n<p>Philippe d&#8217;AUTUME, oficial superior de la marina (retirado); Jean-Marie BECKER, oficial m\u00e9dico (retirado); Yannick BLEVIN, oficial superior del ej\u00e9rcito de tierra; Jean-Marc CALAIS, oficial general de la marina (retirado); Denis CARTON, oficial superior del ej\u00e9rcito de tierra; Francis CASALIS, oficial superior del ej\u00e9rcito de tierra; Alain de CHANTERAC, oficial superior del ej\u00e9rcito de tierra; Jacques CHEMINADE, presidente de Solidarit\u00e9 &amp; Progr\u00e8s; Patrick CLAUDE, oficial superior del ej\u00e9rcito de tierra; Bernard COCHIN, oficial general del ej\u00e9rcito de tierra (retirado); Alain CORVEZ, oficial superior del ej\u00e9rcito de tierra; Christian DARLOT, acad\u00e9mico; Eric DENECE, director del CF2R; Bernard DUFOUR, oficial superior del ej\u00e9rcito de tierra; JB de FONTENILLES, oficial superior del ej\u00e9rcito de tierra; Claude GAUCHERAND, oficial general de la marina (retirado); Jean-Marc GENTIL, administrador civil (retirado); Henri de GROSSOUVRE, director de la empresa, miembro del consejo de administraci\u00f3n del Cercle Colbert; Edouard HUSSON, acad\u00e9mico; Jacques HOGARD, oficial superior del Ej\u00e9rcito de Tierra (retirado); Alexandre LALANNE\u2026<\/p>\n","protected":false},"excerpt":{"rendered":"<p>Marzo de 2025 (EIRNS)\u2014El sitio web del partido pol\u00edtico franc\u00e9s Solidarit\u00e9 &amp; Progr\u00e8s public\u00f3 \u201cel&hellip;<\/p>\n","protected":false},"author":2,"featured_media":72105,"comment_status":"open","ping_status":"open","sticky":false,"template":"","format":"standard","meta":{"footnotes":""},"categories":[78,52],"tags":[],"class_list":["post-72104","post","type-post","status-publish","format-standard","has-post-thumbnail","hentry","category-eirns","category-internacionales"],"_links":{"self":[{"href":"https:\/\/eldiarioantillano.com\/uno\/wp-json\/wp\/v2\/posts\/72104","targetHints":{"allow":["GET"]}}],"collection":[{"href":"https:\/\/eldiarioantillano.com\/uno\/wp-json\/wp\/v2\/posts"}],"about":[{"href":"https:\/\/eldiarioantillano.com\/uno\/wp-json\/wp\/v2\/types\/post"}],"author":[{"embeddable":true,"href":"https:\/\/eldiarioantillano.com\/uno\/wp-json\/wp\/v2\/users\/2"}],"replies":[{"embeddable":true,"href":"https:\/\/eldiarioantillano.com\/uno\/wp-json\/wp\/v2\/comments?post=72104"}],"version-history":[{"count":1,"href":"https:\/\/eldiarioantillano.com\/uno\/wp-json\/wp\/v2\/posts\/72104\/revisions"}],"predecessor-version":[{"id":72106,"href":"https:\/\/eldiarioantillano.com\/uno\/wp-json\/wp\/v2\/posts\/72104\/revisions\/72106"}],"wp:featuredmedia":[{"embeddable":true,"href":"https:\/\/eldiarioantillano.com\/uno\/wp-json\/wp\/v2\/media\/72105"}],"wp:attachment":[{"href":"https:\/\/eldiarioantillano.com\/uno\/wp-json\/wp\/v2\/media?parent=72104"}],"wp:term":[{"taxonomy":"category","embeddable":true,"href":"https:\/\/eldiarioantillano.com\/uno\/wp-json\/wp\/v2\/categories?post=72104"},{"taxonomy":"post_tag","embeddable":true,"href":"https:\/\/eldiarioantillano.com\/uno\/wp-json\/wp\/v2\/tags?post=72104"}],"curies":[{"name":"wp","href":"https:\/\/api.w.org\/{rel}","templated":true}]}}