{"id":72102,"date":"2025-03-16T00:05:00","date_gmt":"2025-03-16T04:05:00","guid":{"rendered":"https:\/\/eldiarioantillano.com\/uno\/?p=72102"},"modified":"2025-03-16T22:41:55","modified_gmt":"2025-03-17T02:41:55","slug":"orlando-martinez-un-dia-antes-de-su-vil-asesinato","status":"publish","type":"post","link":"https:\/\/eldiarioantillano.com\/uno\/2025\/03\/16\/orlando-martinez-un-dia-antes-de-su-vil-asesinato\/","title":{"rendered":"Orlando Mart\u00ednez, un d\u00eda antes de su vil asesinato"},"content":{"rendered":"\n<p>Por ANULFO MATEO P\u00c9REZ<\/p>\n\n\n<div class=\"wp-block-image is-style-rounded\">\n<figure class=\"alignright size-thumbnail\"><img decoding=\"async\" width=\"150\" height=\"150\" src=\"https:\/\/eldiarioantillano.com\/uno\/wp-content\/uploads\/2023\/12\/Anulfo-Mateo-Perez-catalejo-columna-780x470-1-e1704860213105-150x150.jpg\" alt=\"\" class=\"wp-image-64779\"\/><figcaption class=\"wp-element-caption\">Anulfo Mateo P\u00e9rez<\/figcaption><\/figure>\n<\/div>\n\n\n<p>Este lunes 17 de marzo se cumplen 50 a\u00f1os del vil asesinato de\u00a0Orlando Mart\u00ednez Howley, un joven periodista y militante del\u00a0Partido Comunista Dominicano\u00a0(PCD) que\u00a0hizo historia\u00a0por su verticalidad, compromiso social,\u00a0pol\u00edtico e ideol\u00f3gico, en defensa de los valores democr\u00e1ticos y de los\u00a0trabajadores.<\/p>\n\n\n\n<p>Su labor como&nbsp;director&nbsp;de la&nbsp;revista <em>\u00a1Ahora!&nbsp;<\/em>rompi\u00f3 los r\u00e9cords de&nbsp;publicaciones y venta, esperada cada edici\u00f3n con el&nbsp;entusiasmo&nbsp;de los buenos lectores, que&nbsp;valoraban&nbsp;el contenido de la misma<\/p>\n\n\n\n<p>La firmeza en su labor&nbsp;period\u00edstica incorruptible, incisiva,&nbsp;educativa, sin&nbsp;media tinta y plural&nbsp;no fue tolerada por el&nbsp;r\u00e9gimen represivo&nbsp;del presidente&nbsp;Joaqu\u00edn Balaguer,&nbsp;por lo que sicarios a su servicio asesinaron a&nbsp;Orlando.<\/p>\n\n\n\n<p>Su columna\u00a0Microscopio, publicada diariamente en\u00a0<em>El Nacional de \u00a1Ahora!<\/em>,\u00a0la m\u00e1s le\u00edda del\u00a0periodismo\u00a0de opini\u00f3n de\u00a0la \u00e9poca,\u00a0era esperada cada tarde para leer los que\u00a0muchos no se atrev\u00edan a decir.<\/p>\n\n\n\n<p>El 16 de marzo de 1975,&nbsp;alrededor de las 6:15&nbsp;de la&nbsp;tarde,&nbsp;junto a otro compa\u00f1ero le visitamos en su oficina de la revista, para&nbsp;advertirle&nbsp;que su situaci\u00f3n era&nbsp;altamente riesgosa&nbsp;y que deb\u00eda abandonar el pa\u00eds.<\/p>\n\n\n\n<p>Le argumentamos que&nbsp;pod\u00eda continuar&nbsp;con&nbsp;Microscopio&nbsp;desde el exterior hasta un regreso menos peligroso, y ocurri\u00f3 lo que&nbsp;tem\u00edamos: se neg\u00f3 enf\u00e1ticamente a la propuesta, mostrando con firmeza de no autoexiliarse.<\/p>\n\n\n\n<p>De inmediato,&nbsp;abri\u00f3 una gaveta&nbsp;de&nbsp;su escritorio, meti\u00f3 la mano y tom\u00f3 un rev\u00f3lver calibre 38 y lo coloc\u00f3 encima de su&nbsp;escritorio, precisando que no&nbsp;abandonar\u00eda el pa\u00eds. y que estaba dispuesto a defenderse.<\/p>\n\n\n\n<p>Se le ofreci\u00f3 un compa\u00f1ero para su seguridad y se neg\u00f3. Nos despedimos de \u00e9l muy preocupados, y en la avenida George Washington, con\u00a0M\u00e1ximo G\u00f3mez, le expres\u00e9 a mi acompa\u00f1ante:\u00a0\u201cA Orlando lo van a asesinar\u201d.<\/p>\n","protected":false},"excerpt":{"rendered":"<p>Por ANULFO MATEO P\u00c9REZ Este lunes 17 de marzo se cumplen 50 a\u00f1os del vil&hellip;<\/p>\n","protected":false},"author":2,"featured_media":64779,"comment_status":"open","ping_status":"open","sticky":false,"template":"","format":"standard","meta":{"footnotes":""},"categories":[54,55,51],"tags":[],"class_list":["post-72102","post","type-post","status-publish","format-standard","has-post-thumbnail","hentry","category-anulfo-mateo","category-nacionales","category-opinion"],"_links":{"self":[{"href":"https:\/\/eldiarioantillano.com\/uno\/wp-json\/wp\/v2\/posts\/72102","targetHints":{"allow":["GET"]}}],"collection":[{"href":"https:\/\/eldiarioantillano.com\/uno\/wp-json\/wp\/v2\/posts"}],"about":[{"href":"https:\/\/eldiarioantillano.com\/uno\/wp-json\/wp\/v2\/types\/post"}],"author":[{"embeddable":true,"href":"https:\/\/eldiarioantillano.com\/uno\/wp-json\/wp\/v2\/users\/2"}],"replies":[{"embeddable":true,"href":"https:\/\/eldiarioantillano.com\/uno\/wp-json\/wp\/v2\/comments?post=72102"}],"version-history":[{"count":3,"href":"https:\/\/eldiarioantillano.com\/uno\/wp-json\/wp\/v2\/posts\/72102\/revisions"}],"predecessor-version":[{"id":72138,"href":"https:\/\/eldiarioantillano.com\/uno\/wp-json\/wp\/v2\/posts\/72102\/revisions\/72138"}],"wp:featuredmedia":[{"embeddable":true,"href":"https:\/\/eldiarioantillano.com\/uno\/wp-json\/wp\/v2\/media\/64779"}],"wp:attachment":[{"href":"https:\/\/eldiarioantillano.com\/uno\/wp-json\/wp\/v2\/media?parent=72102"}],"wp:term":[{"taxonomy":"category","embeddable":true,"href":"https:\/\/eldiarioantillano.com\/uno\/wp-json\/wp\/v2\/categories?post=72102"},{"taxonomy":"post_tag","embeddable":true,"href":"https:\/\/eldiarioantillano.com\/uno\/wp-json\/wp\/v2\/tags?post=72102"}],"curies":[{"name":"wp","href":"https:\/\/api.w.org\/{rel}","templated":true}]}}