{"id":72033,"date":"2025-03-11T21:46:00","date_gmt":"2025-03-12T01:46:00","guid":{"rendered":"https:\/\/eldiarioantillano.com\/uno\/?p=72033"},"modified":"2025-03-12T00:47:45","modified_gmt":"2025-03-12T04:47:45","slug":"debatiran-en-uasd-sobre-miradas-desde-la-perspectiva-de-genero-este-12-de-marzo","status":"publish","type":"post","link":"https:\/\/eldiarioantillano.com\/uno\/2025\/03\/11\/debatiran-en-uasd-sobre-miradas-desde-la-perspectiva-de-genero-este-12-de-marzo\/","title":{"rendered":"Debatir\u00e1n en UASD sobre miradas desde la perspectiva de g\u00e9nero este 12 de marzo"},"content":{"rendered":"\n<p>Las maestras Teresa Peralta, Manuela P\u00e9rez y Mar\u00eda Teresa Cabrera disertar\u00e1n en el Instituto de Investigaci\u00f3n e Innovaci\u00f3n Educativa.\u00a0<br><br><br><\/p>\n\n\n\n<p><\/p>\n","protected":false},"excerpt":{"rendered":"<p>Las maestras Teresa Peralta, Manuela P\u00e9rez y Mar\u00eda Teresa Cabrera disertar\u00e1n en el Instituto de&hellip;<\/p>\n","protected":false},"author":2,"featured_media":72026,"comment_status":"open","ping_status":"open","sticky":false,"template":"","format":"standard","meta":{"footnotes":""},"categories":[55],"tags":[],"class_list":["post-72033","post","type-post","status-publish","format-standard","has-post-thumbnail","hentry","category-nacionales"],"_links":{"self":[{"href":"https:\/\/eldiarioantillano.com\/uno\/wp-json\/wp\/v2\/posts\/72033","targetHints":{"allow":["GET"]}}],"collection":[{"href":"https:\/\/eldiarioantillano.com\/uno\/wp-json\/wp\/v2\/posts"}],"about":[{"href":"https:\/\/eldiarioantillano.com\/uno\/wp-json\/wp\/v2\/types\/post"}],"author":[{"embeddable":true,"href":"https:\/\/eldiarioantillano.com\/uno\/wp-json\/wp\/v2\/users\/2"}],"replies":[{"embeddable":true,"href":"https:\/\/eldiarioantillano.com\/uno\/wp-json\/wp\/v2\/comments?post=72033"}],"version-history":[{"count":2,"href":"https:\/\/eldiarioantillano.com\/uno\/wp-json\/wp\/v2\/posts\/72033\/revisions"}],"predecessor-version":[{"id":72035,"href":"https:\/\/eldiarioantillano.com\/uno\/wp-json\/wp\/v2\/posts\/72033\/revisions\/72035"}],"wp:featuredmedia":[{"embeddable":true,"href":"https:\/\/eldiarioantillano.com\/uno\/wp-json\/wp\/v2\/media\/72026"}],"wp:attachment":[{"href":"https:\/\/eldiarioantillano.com\/uno\/wp-json\/wp\/v2\/media?parent=72033"}],"wp:term":[{"taxonomy":"category","embeddable":true,"href":"https:\/\/eldiarioantillano.com\/uno\/wp-json\/wp\/v2\/categories?post=72033"},{"taxonomy":"post_tag","embeddable":true,"href":"https:\/\/eldiarioantillano.com\/uno\/wp-json\/wp\/v2\/tags?post=72033"}],"curies":[{"name":"wp","href":"https:\/\/api.w.org\/{rel}","templated":true}]}}