{"id":72023,"date":"2025-03-12T00:41:31","date_gmt":"2025-03-12T04:41:31","guid":{"rendered":"https:\/\/eldiarioantillano.com\/uno\/?p=72023"},"modified":"2025-03-12T00:41:34","modified_gmt":"2025-03-12T04:41:34","slug":"worldcob-reconoce-a-vega-real-con-premio-the-bizz-categoria-be-a-legend","status":"publish","type":"post","link":"https:\/\/eldiarioantillano.com\/uno\/2025\/03\/12\/worldcob-reconoce-a-vega-real-con-premio-the-bizz-categoria-be-a-legend\/","title":{"rendered":"Worldcob reconoce a Vega Real con premio The Bizz categor\u00eda Be a Legend"},"content":{"rendered":"\n<p class=\"wp-block-paragraph\">La Confederaci\u00f3n Mundial de Negocios (WORLDCOB) reconoci\u00f3 a Cooperativa Vega Real con el premio The Bizz Awards, categor\u00eda Be a Legend, en un evento realizado en Singapur, con la participaci\u00f3n de cientos de entidades que se destacan por su responsabilidad social en el mundo empresarial.<\/p>\n\n\n\n<p class=\"wp-block-paragraph\">El galard\u00f3n fue recibido por la Gerente General de Vega Real, Mar\u00eda Eugenia Acosta, quien expres\u00f3 que \u201cnuestra cooperativa hoy se siente orgullosa porque por d\u00e9cadas ha desarrollado pr\u00e1cticas de responsabilidad social\u00bb. A la vez, agradeci\u00f3 a Worldcob y todo su equipo por esta distinci\u00f3n, \u201ceste reconocimiento nos compromete una vez m\u00e1s con nuestro pa\u00eds, Rep\u00fablica Dominicana, con los ciento cuarenta mil asociados que tenemos, con el sistema cooperativo nacional e internacional y con todos nuestros colaboradores, a continuar impulsando las pr\u00e1cticas \u00e9ticas, responsables, transparentes y de calidad\u201d, puntualiz\u00f3.<\/p>\n\n\n\n<p class=\"wp-block-paragraph\">Vega Real fue la \u00fanica instituci\u00f3n dominicana en ser reconocida en este premio que valora el accionar \u00e9tico y transparente, as\u00ed como las buenas pr\u00e1cticas de responsabilidad social desarrolladas por empresas comprometidas con mantener su identidad, el desarrollo de su capital humano, la entrega de productos y servicios con calidad y el bienestar en favor de sus partes interesadas y de las comunidades.<\/p>\n","protected":false},"excerpt":{"rendered":"<p>La Confederaci\u00f3n Mundial de Negocios (WORLDCOB) reconoci\u00f3 a Cooperativa Vega Real con el premio The&hellip;<\/p>\n","protected":false},"author":2,"featured_media":72024,"comment_status":"open","ping_status":"open","sticky":false,"template":"","format":"standard","meta":{"footnotes":""},"categories":[55],"tags":[],"class_list":["post-72023","post","type-post","status-publish","format-standard","has-post-thumbnail","hentry","category-nacionales"],"_links":{"self":[{"href":"https:\/\/eldiarioantillano.com\/uno\/wp-json\/wp\/v2\/posts\/72023","targetHints":{"allow":["GET"]}}],"collection":[{"href":"https:\/\/eldiarioantillano.com\/uno\/wp-json\/wp\/v2\/posts"}],"about":[{"href":"https:\/\/eldiarioantillano.com\/uno\/wp-json\/wp\/v2\/types\/post"}],"author":[{"embeddable":true,"href":"https:\/\/eldiarioantillano.com\/uno\/wp-json\/wp\/v2\/users\/2"}],"replies":[{"embeddable":true,"href":"https:\/\/eldiarioantillano.com\/uno\/wp-json\/wp\/v2\/comments?post=72023"}],"version-history":[{"count":1,"href":"https:\/\/eldiarioantillano.com\/uno\/wp-json\/wp\/v2\/posts\/72023\/revisions"}],"predecessor-version":[{"id":72028,"href":"https:\/\/eldiarioantillano.com\/uno\/wp-json\/wp\/v2\/posts\/72023\/revisions\/72028"}],"wp:featuredmedia":[{"embeddable":true,"href":"https:\/\/eldiarioantillano.com\/uno\/wp-json\/wp\/v2\/media\/72024"}],"wp:attachment":[{"href":"https:\/\/eldiarioantillano.com\/uno\/wp-json\/wp\/v2\/media?parent=72023"}],"wp:term":[{"taxonomy":"category","embeddable":true,"href":"https:\/\/eldiarioantillano.com\/uno\/wp-json\/wp\/v2\/categories?post=72023"},{"taxonomy":"post_tag","embeddable":true,"href":"https:\/\/eldiarioantillano.com\/uno\/wp-json\/wp\/v2\/tags?post=72023"}],"curies":[{"name":"wp","href":"https:\/\/api.w.org\/{rel}","templated":true}]}}