{"id":72020,"date":"2025-03-11T01:17:00","date_gmt":"2025-03-11T05:17:00","guid":{"rendered":"https:\/\/eldiarioantillano.com\/uno\/?p=72020"},"modified":"2025-03-11T01:28:27","modified_gmt":"2025-03-11T05:28:27","slug":"presentaran-en-azua-antologia-con-cuentos-de-cinco-reconocidos-escritores","status":"publish","type":"post","link":"https:\/\/eldiarioantillano.com\/uno\/2025\/03\/11\/presentaran-en-azua-antologia-con-cuentos-de-cinco-reconocidos-escritores\/","title":{"rendered":"Presentar\u00e1n en Azua antolog\u00eda con cuentos de cinco reconocidos escritores"},"content":{"rendered":"\n<p>El colectivo de escritores conformado por Avelino Stanley, Rafael Garc\u00eda Romero, Emilia Pereyra, Luis R. Santos y Rafael Peralta Romero pondr\u00e1 a circular la antolog\u00eda \u00abEl cuento de nunca acabar\u00bb, en la sala Teatro Sur, en el Centro Cultural H\u00e9ctor J. D\u00edaz, en Azua.<\/p>\n\n\n\n<p>La ceremonia efectuada el s\u00e1bado 22 de marzo, a las 5:00 de la tarde, y el presentador de la obra ser\u00e1 el escritor y acad\u00e9mico Virgilio L\u00f3pez Azu\u00e1n. El conductor del acto ser\u00e1 Rannel B\u00e1ez, escritor y gestor cultural.<\/p>\n\n\n\n<p>La publicaci\u00f3n de \u00abEl cuento de nunca acabar\u00bb es una expresi\u00f3n de los v\u00ednculos generacionales que unen a los cinco autores, los cuales, independientemente de d\u00e9cadas de s\u00f3lida labor literaria y cultural, se adscriben a concepciones comunes para escribir obras narrativas.<\/p>\n\n\n\n<p>Con la publicaci\u00f3n de \u00abEl cuento de nunca acabar\u00bb los cinco autores reafirman, de acuerdo con la cr\u00edtica, ser parte del reducido grupo de los narradores vivos m\u00e1s importantes del pa\u00eds en los actuales momentos, al tiempo que con un trabajo sistem\u00e1tico y con sus publicaciones individuales, apuntalan sus respectivas carreras literarias.<\/p>\n\n\n\n<p>En la antolog\u00eda, de Avelino Stanley se incluyen los cuentos: \u00abLa caravana\u00bb, \u00abVersus\u00bb, \u00abEl presentimiento\u00bb y \u00abEl ciego y el ladr\u00f3n\u00bb. De Rafael Peralta Romero se re\u00fanen los cuentos: \u00abBar Tleby\u00bb, \u00abEl zapato\u00bb, \u00abPalillo profeta\u00bb y \u00abRobar un diamante\u00bb, y de Emilia Pereyra figuran los cuentos: \u00abA los ojos del gato\u00bb, \u00abAmiga, tu \u00faltimo instante\u00bb, \u00abMalanoche\u00bb y \u00abTres calamares\u00bb.<\/p>\n\n\n\n<p>De Luis R. Santos se escogieron los cuentos: \u00abLos derrotados\u00bb, \u00abEl asaltante que amaba la literatura\u00bb, \u00abMariana de las flores, de las mariposas y la soledad\u00bb y \u00abEl otro c\u00edrculo\u00bb. Y de Rafael Garc\u00eda Romero se han publicado los cuentos: \u00abUna almohada vac\u00eda, a tu lado\u00bb, \u00abLas siete puertas del amor\u00bb, \u00abCuento de Navidad\u00bb y \u00abUna despedida formal\u00bb.<\/p>\n","protected":false},"excerpt":{"rendered":"<p>El colectivo de escritores conformado por Avelino Stanley, Rafael Garc\u00eda Romero, Emilia Pereyra, Luis R.&hellip;<\/p>\n","protected":false},"author":2,"featured_media":72021,"comment_status":"open","ping_status":"open","sticky":false,"template":"","format":"standard","meta":{"footnotes":""},"categories":[63,55],"tags":[],"class_list":["post-72020","post","type-post","status-publish","format-standard","has-post-thumbnail","hentry","category-cultura","category-nacionales"],"_links":{"self":[{"href":"https:\/\/eldiarioantillano.com\/uno\/wp-json\/wp\/v2\/posts\/72020","targetHints":{"allow":["GET"]}}],"collection":[{"href":"https:\/\/eldiarioantillano.com\/uno\/wp-json\/wp\/v2\/posts"}],"about":[{"href":"https:\/\/eldiarioantillano.com\/uno\/wp-json\/wp\/v2\/types\/post"}],"author":[{"embeddable":true,"href":"https:\/\/eldiarioantillano.com\/uno\/wp-json\/wp\/v2\/users\/2"}],"replies":[{"embeddable":true,"href":"https:\/\/eldiarioantillano.com\/uno\/wp-json\/wp\/v2\/comments?post=72020"}],"version-history":[{"count":1,"href":"https:\/\/eldiarioantillano.com\/uno\/wp-json\/wp\/v2\/posts\/72020\/revisions"}],"predecessor-version":[{"id":72022,"href":"https:\/\/eldiarioantillano.com\/uno\/wp-json\/wp\/v2\/posts\/72020\/revisions\/72022"}],"wp:featuredmedia":[{"embeddable":true,"href":"https:\/\/eldiarioantillano.com\/uno\/wp-json\/wp\/v2\/media\/72021"}],"wp:attachment":[{"href":"https:\/\/eldiarioantillano.com\/uno\/wp-json\/wp\/v2\/media?parent=72020"}],"wp:term":[{"taxonomy":"category","embeddable":true,"href":"https:\/\/eldiarioantillano.com\/uno\/wp-json\/wp\/v2\/categories?post=72020"},{"taxonomy":"post_tag","embeddable":true,"href":"https:\/\/eldiarioantillano.com\/uno\/wp-json\/wp\/v2\/tags?post=72020"}],"curies":[{"name":"wp","href":"https:\/\/api.w.org\/{rel}","templated":true}]}}