{"id":72018,"date":"2025-03-11T01:24:32","date_gmt":"2025-03-11T05:24:32","guid":{"rendered":"https:\/\/eldiarioantillano.com\/uno\/?p=72018"},"modified":"2025-03-11T01:29:56","modified_gmt":"2025-03-11T05:29:56","slug":"campesino-de-el-naranjo-cotui-denuncia-danos-de-presa-de-cola-de-barrick-gold","status":"publish","type":"post","link":"https:\/\/eldiarioantillano.com\/uno\/2025\/03\/11\/campesino-de-el-naranjo-cotui-denuncia-danos-de-presa-de-cola-de-barrick-gold\/","title":{"rendered":"Campesino de El Naranjo, Cotui, denuncia da\u00f1os de presa de cola de Barrick Gold"},"content":{"rendered":"\n<p>Jes\u00fas Garc\u00eda vive el calvario del impacto de los qu\u00edmicos que enfermaron su cuerpo y destruyeron su conuco.\u00a0<\/p>\n\n\n\n<figure class=\"wp-block-embed is-type-video is-provider-youtube wp-block-embed-youtube wp-embed-aspect-16-9 wp-has-aspect-ratio\"><div class=\"wp-block-embed__wrapper\">\n<iframe title=\"Campesino de El Naranjo, Cotu\u00ed, denuncia da\u00f1os de presa de cola de Barrick Gold\" width=\"1170\" height=\"658\" src=\"https:\/\/www.youtube.com\/embed\/VKprIvMEt_Q?feature=oembed\" frameborder=\"0\" allow=\"accelerometer; autoplay; clipboard-write; encrypted-media; gyroscope; picture-in-picture; web-share\" referrerpolicy=\"strict-origin-when-cross-origin\" allowfullscreen><\/iframe>\n<\/div><\/figure>\n","protected":false},"excerpt":{"rendered":"<p>Jes\u00fas Garc\u00eda vive el calvario del impacto de los qu\u00edmicos que enfermaron su cuerpo y&hellip;<\/p>\n","protected":false},"author":2,"featured_media":72009,"comment_status":"open","ping_status":"open","sticky":false,"template":"","format":"standard","meta":{"footnotes":""},"categories":[55],"tags":[],"class_list":["post-72018","post","type-post","status-publish","format-standard","has-post-thumbnail","hentry","category-nacionales"],"_links":{"self":[{"href":"https:\/\/eldiarioantillano.com\/uno\/wp-json\/wp\/v2\/posts\/72018","targetHints":{"allow":["GET"]}}],"collection":[{"href":"https:\/\/eldiarioantillano.com\/uno\/wp-json\/wp\/v2\/posts"}],"about":[{"href":"https:\/\/eldiarioantillano.com\/uno\/wp-json\/wp\/v2\/types\/post"}],"author":[{"embeddable":true,"href":"https:\/\/eldiarioantillano.com\/uno\/wp-json\/wp\/v2\/users\/2"}],"replies":[{"embeddable":true,"href":"https:\/\/eldiarioantillano.com\/uno\/wp-json\/wp\/v2\/comments?post=72018"}],"version-history":[{"count":1,"href":"https:\/\/eldiarioantillano.com\/uno\/wp-json\/wp\/v2\/posts\/72018\/revisions"}],"predecessor-version":[{"id":72019,"href":"https:\/\/eldiarioantillano.com\/uno\/wp-json\/wp\/v2\/posts\/72018\/revisions\/72019"}],"wp:featuredmedia":[{"embeddable":true,"href":"https:\/\/eldiarioantillano.com\/uno\/wp-json\/wp\/v2\/media\/72009"}],"wp:attachment":[{"href":"https:\/\/eldiarioantillano.com\/uno\/wp-json\/wp\/v2\/media?parent=72018"}],"wp:term":[{"taxonomy":"category","embeddable":true,"href":"https:\/\/eldiarioantillano.com\/uno\/wp-json\/wp\/v2\/categories?post=72018"},{"taxonomy":"post_tag","embeddable":true,"href":"https:\/\/eldiarioantillano.com\/uno\/wp-json\/wp\/v2\/tags?post=72018"}],"curies":[{"name":"wp","href":"https:\/\/api.w.org\/{rel}","templated":true}]}}