{"id":72016,"date":"2025-03-10T19:18:00","date_gmt":"2025-03-10T23:18:00","guid":{"rendered":"https:\/\/eldiarioantillano.com\/uno\/?p=72016"},"modified":"2025-03-11T01:21:24","modified_gmt":"2025-03-11T05:21:24","slug":"union-nacional-de-juntas-de-vecinos-invita-a-una-rueda-de-prensa-en-montecristi","status":"publish","type":"post","link":"https:\/\/eldiarioantillano.com\/uno\/2025\/03\/10\/union-nacional-de-juntas-de-vecinos-invita-a-una-rueda-de-prensa-en-montecristi\/","title":{"rendered":"Uni\u00f3n Nacional\u00a0 de Juntas de Vecinos invita a una\u00a0 rueda de prensa en Montecristi"},"content":{"rendered":"\n<p>Al encuentro\u00a0 asistir\u00e1 el presidente de la UNJVOC, Alexis Rodr\u00edguez, quien tratar\u00e1\u00a0temas de gran inter\u00e9s para la comunidad montecriste\u00f1a. Ser\u00e1 este martes, 11 de marzo, a las\u00a0 8:30 a.m., en el\u00a0 local de la Federaci\u00f3n de Juntas de Vecinos de Montecristi Anita Inc., Barrio San Pedro.<\/p>\n","protected":false},"excerpt":{"rendered":"<p>Al encuentro\u00a0 asistir\u00e1 el presidente de la UNJVOC, Alexis Rodr\u00edguez, quien tratar\u00e1\u00a0temas de gran inter\u00e9s&hellip;<\/p>\n","protected":false},"author":2,"featured_media":72010,"comment_status":"open","ping_status":"open","sticky":false,"template":"","format":"standard","meta":{"footnotes":""},"categories":[57],"tags":[],"class_list":["post-72016","post","type-post","status-publish","format-standard","has-post-thumbnail","hentry","category-montecristi"],"_links":{"self":[{"href":"https:\/\/eldiarioantillano.com\/uno\/wp-json\/wp\/v2\/posts\/72016","targetHints":{"allow":["GET"]}}],"collection":[{"href":"https:\/\/eldiarioantillano.com\/uno\/wp-json\/wp\/v2\/posts"}],"about":[{"href":"https:\/\/eldiarioantillano.com\/uno\/wp-json\/wp\/v2\/types\/post"}],"author":[{"embeddable":true,"href":"https:\/\/eldiarioantillano.com\/uno\/wp-json\/wp\/v2\/users\/2"}],"replies":[{"embeddable":true,"href":"https:\/\/eldiarioantillano.com\/uno\/wp-json\/wp\/v2\/comments?post=72016"}],"version-history":[{"count":1,"href":"https:\/\/eldiarioantillano.com\/uno\/wp-json\/wp\/v2\/posts\/72016\/revisions"}],"predecessor-version":[{"id":72017,"href":"https:\/\/eldiarioantillano.com\/uno\/wp-json\/wp\/v2\/posts\/72016\/revisions\/72017"}],"wp:featuredmedia":[{"embeddable":true,"href":"https:\/\/eldiarioantillano.com\/uno\/wp-json\/wp\/v2\/media\/72010"}],"wp:attachment":[{"href":"https:\/\/eldiarioantillano.com\/uno\/wp-json\/wp\/v2\/media?parent=72016"}],"wp:term":[{"taxonomy":"category","embeddable":true,"href":"https:\/\/eldiarioantillano.com\/uno\/wp-json\/wp\/v2\/categories?post=72016"},{"taxonomy":"post_tag","embeddable":true,"href":"https:\/\/eldiarioantillano.com\/uno\/wp-json\/wp\/v2\/tags?post=72016"}],"curies":[{"name":"wp","href":"https:\/\/api.w.org\/{rel}","templated":true}]}}