{"id":72013,"date":"2025-03-11T01:17:57","date_gmt":"2025-03-11T05:17:57","guid":{"rendered":"https:\/\/eldiarioantillano.com\/uno\/?p=72013"},"modified":"2025-03-11T01:17:58","modified_gmt":"2025-03-11T05:17:58","slug":"rusia-ve-bastante-largo-el-camino-hacia-normalizacion-con-ee-uu","status":"publish","type":"post","link":"https:\/\/eldiarioantillano.com\/uno\/2025\/03\/11\/rusia-ve-bastante-largo-el-camino-hacia-normalizacion-con-ee-uu\/","title":{"rendered":"Rusia ve \u00abbastante largo\u00bb el camino hacia normalizaci\u00f3n con EE.\u00a0UU."},"content":{"rendered":"\n<p>Mosc\u00fa, 10 mar (Prensa Latina) El portavoz de la Presidencia rusa, Dmitri Peskov, consider\u00f3 hoy que el camino hacia la plena normalizaci\u00f3n de los v\u00ednculos entre Mosc\u00fa y Washington ser\u00e1 \u00abbastante largo\u00bb.<\/p>\n\n\n\n<p>Estamos en la fase inicial de la restauraci\u00f3n de nuestras relaciones bilaterales, y tenemos por delante un camino bastante largo y arduo, pero los dos presidentes han expresado la voluntad pol\u00edtica de avanzar en esta direcci\u00f3n, al menos, declar\u00f3 Peskov este lunes a los periodistas.<\/p>\n\n\n\n<p>El representante del Kremlin rehus\u00f3 confirmar un informe de la cadena de televisi\u00f3n CNN de que Rusia y Estados Unidos podr\u00edan sostener una nueva ronda de negociaciones esta semana en Arabia Saudita. \u00abNo puedo confirmarlo. No es cierto\u00bb, respondi\u00f3 Peskov cuando le preguntaron al respecto.<\/p>\n\n\n\n<p>Tambi\u00e9n la portavoz de la Canciller\u00eda rusa, Mar\u00eda Zaj\u00e1rova, aclar\u00f3 momentos antes que \u00abno est\u00e1n programados\u00bb nuevos contactos con Estados Unidos en Riad esta semana. \u00abEs m\u00e1s, no hemos recibido ninguna informaci\u00f3n de la parte estadounidense al respecto\u00bb, a\u00f1adi\u00f3.<\/p>\n\n\n\n<p>El pasado 18 de febrero, las delegaciones oficiales de Rusia y de Estados Unidos se reunieron por primera vez desde hace mucho tiempo en la capital de Arabia Saudita, Riad, para buscar la normalizaci\u00f3n de las relaciones bilaterales.<\/p>\n\n\n\n<p>Igualmente, pretendieron concretar la primera cumbre entre el presidente ruso, Vladimir Putin, y su hom\u00f3logo estadounidense, Donald Trump, y facilitar posibles negociaciones para resolver el conflicto ucraniano.<\/p>\n\n\n\n<p>Las dos naciones acordaron crear un clima favorable para la completa reanudaci\u00f3n de la cooperaci\u00f3n bilateral en distintos \u00e1mbitos de inter\u00e9s com\u00fan, as\u00ed como levantar las barreras artificiales que afectan el funcionamiento de sus embajadas y otras instituciones diplom\u00e1ticas, y conformar un grupo de trabajo de alto nivel con vista a comenzar a resolver la crisis ucraniana.<\/p>\n\n\n\n<p>mem\/gfa<\/p>\n","protected":false},"excerpt":{"rendered":"<p>Mosc\u00fa, 10 mar (Prensa Latina) El portavoz de la Presidencia rusa, Dmitri Peskov, consider\u00f3 hoy&hellip;<\/p>\n","protected":false},"author":2,"featured_media":72014,"comment_status":"open","ping_status":"open","sticky":false,"template":"","format":"standard","meta":{"footnotes":""},"categories":[52,53],"tags":[],"class_list":["post-72013","post","type-post","status-publish","format-standard","has-post-thumbnail","hentry","category-internacionales","category-prensa-latina"],"_links":{"self":[{"href":"https:\/\/eldiarioantillano.com\/uno\/wp-json\/wp\/v2\/posts\/72013","targetHints":{"allow":["GET"]}}],"collection":[{"href":"https:\/\/eldiarioantillano.com\/uno\/wp-json\/wp\/v2\/posts"}],"about":[{"href":"https:\/\/eldiarioantillano.com\/uno\/wp-json\/wp\/v2\/types\/post"}],"author":[{"embeddable":true,"href":"https:\/\/eldiarioantillano.com\/uno\/wp-json\/wp\/v2\/users\/2"}],"replies":[{"embeddable":true,"href":"https:\/\/eldiarioantillano.com\/uno\/wp-json\/wp\/v2\/comments?post=72013"}],"version-history":[{"count":1,"href":"https:\/\/eldiarioantillano.com\/uno\/wp-json\/wp\/v2\/posts\/72013\/revisions"}],"predecessor-version":[{"id":72015,"href":"https:\/\/eldiarioantillano.com\/uno\/wp-json\/wp\/v2\/posts\/72013\/revisions\/72015"}],"wp:featuredmedia":[{"embeddable":true,"href":"https:\/\/eldiarioantillano.com\/uno\/wp-json\/wp\/v2\/media\/72014"}],"wp:attachment":[{"href":"https:\/\/eldiarioantillano.com\/uno\/wp-json\/wp\/v2\/media?parent=72013"}],"wp:term":[{"taxonomy":"category","embeddable":true,"href":"https:\/\/eldiarioantillano.com\/uno\/wp-json\/wp\/v2\/categories?post=72013"},{"taxonomy":"post_tag","embeddable":true,"href":"https:\/\/eldiarioantillano.com\/uno\/wp-json\/wp\/v2\/tags?post=72013"}],"curies":[{"name":"wp","href":"https:\/\/api.w.org\/{rel}","templated":true}]}}