{"id":72004,"date":"2025-03-10T06:14:00","date_gmt":"2025-03-10T10:14:00","guid":{"rendered":"https:\/\/eldiarioantillano.com\/uno\/?p=72004"},"modified":"2025-03-14T02:02:44","modified_gmt":"2025-03-14T06:02:44","slug":"coopnama-y-universidad-cooperativa-de-colombia-graduan-colaboradores","status":"publish","type":"post","link":"https:\/\/eldiarioantillano.com\/uno\/2025\/03\/10\/coopnama-y-universidad-cooperativa-de-colombia-graduan-colaboradores\/","title":{"rendered":"Coopnama y Universidad Cooperativa de Colombia grad\u00faan colaboradores"},"content":{"rendered":"\n<p><strong>Santo Domingo.<\/strong> La Cooperativa Nacional de Servicios M\u00faltiples de los Maestros (COOPNAMA) y la Universidad Cooperativa de Colombia graduaron 83 colaboradores de las diferentes \u00e1reas de la empresa quienes concluyeron con \u00e9xito el curso \u201cServicio con el alma\u201d, impartido por la alta casa de estudio internacional, que busca fomentar la excelencia en el servicio al cliente.<\/p>\n\n\n\n<p>El curso \u201cServicio con el alma\u201d se realiz\u00f3 en la modalidad virtual, durante el cual servidores de COOPNAMA de diferentes g\u00e9neros y edades recibieron los conocimientos impartidos por los maestros de la Universidad Cooperativa de Colombia, desde agosto hasta octubre del 2024.<\/p>\n\n\n\n<p>El profesor Santiago Portes, presidente del consejo de administraci\u00f3n, de la Cooperativa de los Maestros, durante el acto de investidura agradeci\u00f3 a la Universidad Cooperativa de Colombia por ser parte de esta alianza de cooperaci\u00f3n educativa. \u201cSomos signatarios de todos los acuerdos que tienen que ver con la econom\u00eda social e internacional, la educaci\u00f3n es la piedra angular de la fuerza de los pueblos\u201d, dijo. Al mismo tiempo, Portes exhort\u00f3 a los graduandos a continuar brindando un \u201cservicio con el alma\u201d.<\/p>\n\n\n\n<figure class=\"wp-block-image size-large\"><img fetchpriority=\"high\" decoding=\"async\" width=\"1024\" height=\"851\" src=\"https:\/\/eldiarioantillano.com\/uno\/wp-content\/uploads\/2025\/03\/IMG-20250308-WA0092-1-1024x851.jpg\" alt=\"\" class=\"wp-image-72078\" style=\"aspect-ratio:16\/9;object-fit:cover\" srcset=\"https:\/\/eldiarioantillano.com\/uno\/wp-content\/uploads\/2025\/03\/IMG-20250308-WA0092-1-1024x851.jpg 1024w, https:\/\/eldiarioantillano.com\/uno\/wp-content\/uploads\/2025\/03\/IMG-20250308-WA0092-1-300x249.jpg 300w, https:\/\/eldiarioantillano.com\/uno\/wp-content\/uploads\/2025\/03\/IMG-20250308-WA0092-1-768x638.jpg 768w, https:\/\/eldiarioantillano.com\/uno\/wp-content\/uploads\/2025\/03\/IMG-20250308-WA0092-1-1170x973.jpg 1170w, https:\/\/eldiarioantillano.com\/uno\/wp-content\/uploads\/2025\/03\/IMG-20250308-WA0092-1-585x486.jpg 585w, https:\/\/eldiarioantillano.com\/uno\/wp-content\/uploads\/2025\/03\/IMG-20250308-WA0092-1.jpg 1280w\" sizes=\"(max-width: 1024px) 100vw, 1024px\" \/><figcaption class=\"wp-element-caption\">El profesor Santiago Portes, presidente del consejo de administraci\u00f3n de Coopnama, <br>entrega uno de los certificados, junto a otras dirigentes. <br><\/figcaption><\/figure>\n\n\n\n<p>Del mismo modo, la rectora de la Universidad Cooperativa de Colombia, Maritza Rond\u00f3n, consider\u00f3 que este a\u00f1o 2025, establecido como el A\u00f1o Internacional de las Cooperativas por la ONU, es un llamado a seguir fortaleciendo y trabajando por la econom\u00eda social y solidaria.<\/p>\n\n\n\n<p>Rond\u00f3n recalc\u00f3 la similitud de la universidad con la Cooperativa de los Maestros por los valores, la transparencia, el trabajo y el cuidado al medio ambiente que ambas ejercen. \u201cPrimero formamos personas, luego profesionales, no hay mejor alianza que la vida del trabajo con la vida de la academia\u201d, apunt\u00f3 la rectora.<\/p>\n\n\n\n<p>Igualmente, el gerente general, profesor Lucas Figueroa Lapay, invit\u00f3 a los investidos a convertirse en creadores e innovadores; adem\u00e1s, a sembrar esperanza a trav\u00e9s del saber escuchar.<\/p>\n\n\n\n<p>En representaci\u00f3n de los graduandos, las palabras de agradecimiento estuvieron a cargo de Leidy Soto, quien elogi\u00f3 a todos los que hicieron posible la capacitaci\u00f3n, la cual valor\u00f3 como una experiencia enriquecedora que permite dar inicio a un camino de entrega y humanidad.<\/p>\n\n\n\n<p>La mesa principal estuvo encabezada por los profesores Santiago Portes, presidente del consejo de administraci\u00f3n; Francisco Santana, titular del consejo de vigilancia; Jos\u00e9 Fabio Dur\u00e1n, presidente del comit\u00e9 de cr\u00e9dito; Octavio Brem\u00f3n, vicepresidente del consejo de administraci\u00f3n; Felicia Contreras, secretaria del consejo de administraci\u00f3n; Zoila Flor Mateo, tesorera del consejo de administraci\u00f3n, entre otros.<\/p>\n\n\n\n<p>Esta actividad cont\u00f3 con una importante delegaci\u00f3n de cooperativistas internacionales, tales como: Jerson Harrigan, de Curazao; F\u00e9lix Cristi\u00e1, de Costa Rica; Melisa Meras, presidenta de la Cooperativa CHOROTEGA; Enrique N\u00fa\u00f1ez y Jorge N\u00fa\u00f1ez, directivos de esa Cooperativa. Adem\u00e1s, Victoria Santamar\u00eda de la UCC.<\/p>\n\n\n\n<p><\/p>\n","protected":false},"excerpt":{"rendered":"<p>Santo Domingo. La Cooperativa Nacional de Servicios M\u00faltiples de los Maestros (COOPNAMA) y la Universidad&hellip;<\/p>\n","protected":false},"author":2,"featured_media":71989,"comment_status":"open","ping_status":"open","sticky":false,"template":"","format":"standard","meta":{"footnotes":""},"categories":[55],"tags":[],"class_list":["post-72004","post","type-post","status-publish","format-standard","has-post-thumbnail","hentry","category-nacionales"],"_links":{"self":[{"href":"https:\/\/eldiarioantillano.com\/uno\/wp-json\/wp\/v2\/posts\/72004","targetHints":{"allow":["GET"]}}],"collection":[{"href":"https:\/\/eldiarioantillano.com\/uno\/wp-json\/wp\/v2\/posts"}],"about":[{"href":"https:\/\/eldiarioantillano.com\/uno\/wp-json\/wp\/v2\/types\/post"}],"author":[{"embeddable":true,"href":"https:\/\/eldiarioantillano.com\/uno\/wp-json\/wp\/v2\/users\/2"}],"replies":[{"embeddable":true,"href":"https:\/\/eldiarioantillano.com\/uno\/wp-json\/wp\/v2\/comments?post=72004"}],"version-history":[{"count":3,"href":"https:\/\/eldiarioantillano.com\/uno\/wp-json\/wp\/v2\/posts\/72004\/revisions"}],"predecessor-version":[{"id":72081,"href":"https:\/\/eldiarioantillano.com\/uno\/wp-json\/wp\/v2\/posts\/72004\/revisions\/72081"}],"wp:featuredmedia":[{"embeddable":true,"href":"https:\/\/eldiarioantillano.com\/uno\/wp-json\/wp\/v2\/media\/71989"}],"wp:attachment":[{"href":"https:\/\/eldiarioantillano.com\/uno\/wp-json\/wp\/v2\/media?parent=72004"}],"wp:term":[{"taxonomy":"category","embeddable":true,"href":"https:\/\/eldiarioantillano.com\/uno\/wp-json\/wp\/v2\/categories?post=72004"},{"taxonomy":"post_tag","embeddable":true,"href":"https:\/\/eldiarioantillano.com\/uno\/wp-json\/wp\/v2\/tags?post=72004"}],"curies":[{"name":"wp","href":"https:\/\/api.w.org\/{rel}","templated":true}]}}