{"id":72002,"date":"2025-03-10T06:23:57","date_gmt":"2025-03-10T10:23:57","guid":{"rendered":"https:\/\/eldiarioantillano.com\/uno\/?p=72002"},"modified":"2025-03-10T06:23:58","modified_gmt":"2025-03-10T10:23:58","slug":"catalejo-paciente-y-privacidad","status":"publish","type":"post","link":"https:\/\/eldiarioantillano.com\/uno\/2025\/03\/10\/catalejo-paciente-y-privacidad\/","title":{"rendered":"CATALEJO: Paciente y privacidad"},"content":{"rendered":"<div class=\"wp-block-image is-style-rounded\">\n<figure class=\"alignright size-thumbnail\"><img decoding=\"async\" width=\"150\" height=\"150\" src=\"https:\/\/eldiarioantillano.com\/uno\/wp-content\/uploads\/2023\/12\/Anulfo-Mateo-Perez-catalejo-columna-780x470-1-e1704860213105-150x150.jpg\" alt=\"\" class=\"wp-image-64779\"\/><figcaption class=\"wp-element-caption\">Anulfo Mateo P\u00e9rez<\/figcaption><\/figure>\n<\/div>\n\n\n<p>Por ANULFO MATEO PEREZ<\/p>\n\n\n\n<p>Desde que la salud se convirti\u00f3 en una mercanc\u00eda de libre mercado y la poblaci\u00f3n dominicana se hizo cada vez m\u00e1s dependiente de las ARS y PSS para recibir sus servicios, bajo la Ley 87-01, la confidencialidad del paciente es cada vez m\u00e1s vulnerada por los actores econ\u00f3micos del Sistema de la Seguridad Social.<\/p>\n\n\n\n<p>Uno de los graves problemas que est\u00e1n confrontando los asegurados que acuden a las farmacias, es que los expendedores de estos establecimientos les est\u00e1n exigiendo revelar sus diagn\u00f3sticos.<\/p>\n\n\n\n<p>La informaci\u00f3n requerida es para rellenar un formulario con la misma, lo que desconoce el derecho del paciente a que sus antecedentes personales, su ficha e historia cl\u00ednica se mantengan en reserva.<\/p>\n\n\n\n<p>Lo mismo ocurre con las indicaciones para pruebas cl\u00ednicas y de gabinete, y que algunas ARS obligan a consignar el diagn\u00f3stico, conocido luego por empleados ajenos al personal de salud y a la \u00e9tica que lo rige.<\/p>\n\n\n\n<p>He apreciado, que esta pr\u00e1ctica se est\u00e1 generalizando y toca al personal administrativo y de m\u00e1s bajo nivel en las ARS, PSS y en hospitales del Estado, a donde acuden con sus dolencias los m\u00e1s pobres.<\/p>\n\n\n\n<p>Las mamparas para separar al enfermo de otros, ya no se usan como antes se hac\u00eda, se interroga y se realiza tacto rectal, vaginal, colocaci\u00f3n de sonda vesical o examen de mamas a la vista de terceros.<\/p>\n\n\n\n<p>El paciente no es tal, sino un cliente, un objeto con valor comercial, porque con este modelo sanitario, que se privatiza y deshumaniza cada vez m\u00e1s, la salud ha pasado a ser una mercanc\u00eda muy lucrativa.<\/p>\n\n\n\n<p>Es conveniente recordar que la responsabilidad \u00e9tica del m\u00e9dico es potenciada por la ley, que otorga el derecho a la privacidad y no le obliga a revelaciones inapropiadas que puedan causar da\u00f1os al que recibe sus atenciones.<\/p>\n","protected":false},"excerpt":{"rendered":"<p>Por ANULFO MATEO PEREZ Desde que la salud se convirti\u00f3 en una mercanc\u00eda de libre&hellip;<\/p>\n","protected":false},"author":2,"featured_media":64779,"comment_status":"open","ping_status":"open","sticky":false,"template":"","format":"standard","meta":{"footnotes":""},"categories":[54,55,51],"tags":[],"class_list":["post-72002","post","type-post","status-publish","format-standard","has-post-thumbnail","hentry","category-anulfo-mateo","category-nacionales","category-opinion"],"_links":{"self":[{"href":"https:\/\/eldiarioantillano.com\/uno\/wp-json\/wp\/v2\/posts\/72002","targetHints":{"allow":["GET"]}}],"collection":[{"href":"https:\/\/eldiarioantillano.com\/uno\/wp-json\/wp\/v2\/posts"}],"about":[{"href":"https:\/\/eldiarioantillano.com\/uno\/wp-json\/wp\/v2\/types\/post"}],"author":[{"embeddable":true,"href":"https:\/\/eldiarioantillano.com\/uno\/wp-json\/wp\/v2\/users\/2"}],"replies":[{"embeddable":true,"href":"https:\/\/eldiarioantillano.com\/uno\/wp-json\/wp\/v2\/comments?post=72002"}],"version-history":[{"count":1,"href":"https:\/\/eldiarioantillano.com\/uno\/wp-json\/wp\/v2\/posts\/72002\/revisions"}],"predecessor-version":[{"id":72003,"href":"https:\/\/eldiarioantillano.com\/uno\/wp-json\/wp\/v2\/posts\/72002\/revisions\/72003"}],"wp:featuredmedia":[{"embeddable":true,"href":"https:\/\/eldiarioantillano.com\/uno\/wp-json\/wp\/v2\/media\/64779"}],"wp:attachment":[{"href":"https:\/\/eldiarioantillano.com\/uno\/wp-json\/wp\/v2\/media?parent=72002"}],"wp:term":[{"taxonomy":"category","embeddable":true,"href":"https:\/\/eldiarioantillano.com\/uno\/wp-json\/wp\/v2\/categories?post=72002"},{"taxonomy":"post_tag","embeddable":true,"href":"https:\/\/eldiarioantillano.com\/uno\/wp-json\/wp\/v2\/tags?post=72002"}],"curies":[{"name":"wp","href":"https:\/\/api.w.org\/{rel}","templated":true}]}}