{"id":71995,"date":"2025-03-10T06:03:09","date_gmt":"2025-03-10T10:03:09","guid":{"rendered":"https:\/\/eldiarioantillano.com\/uno\/?p=71995"},"modified":"2025-03-10T06:03:12","modified_gmt":"2025-03-10T10:03:12","slug":"meteorologia-dice-que-anticiclon-genera-calor-en-ciudades-y-pocas-lluvias-en-lomas","status":"publish","type":"post","link":"https:\/\/eldiarioantillano.com\/uno\/2025\/03\/10\/meteorologia-dice-que-anticiclon-genera-calor-en-ciudades-y-pocas-lluvias-en-lomas\/","title":{"rendered":"Meteorolog\u00eda dice que anticicl\u00f3n genera calor en ciudades y pocas lluvias en lomas"},"content":{"rendered":"\n<h1 class=\"wp-block-heading\">Informe del Tiempo<\/h1>\n\n\n\n<p><strong>Domingo 9 de marzo de 2025 a las 6:00 p.m. V\u00e1lido hasta el martes 11 de marzo de 2025 a las 6:00 p.m.<\/strong><\/p>\n\n\n\n<p><strong>ANTICICL\u00d3N GENERA AMBIENTE FAVORABLE PARA ACTIVIDADES AL AIRE LIBRE<\/strong><\/p>\n\n\n\n<p>El ambiente meteorol\u00f3gico ha permanecido caluroso, poco nuboso y las precipitaciones ausentes a nivel nacional, por el dominio del sistema anticicl\u00f3nico que mantiene la humedad de valores m\u00ednimos. Para las horas nocturnas prevemos un cielo despejado a nubosidad escasa, aunque son probables algunos chubascos de corta duraci\u00f3n en sectores de puntuales de la Cordillera Central y Sierra Oriental.<\/p>\n\n\n\n<p><strong>Ma\u00f1ana lunes,<\/strong>&nbsp;a pesar de que el anticicl\u00f3n limitar\u00e1 las precipitaciones de acumulados relevantes, el viento del este\/noreste en la madrugada y primeras de sol traer\u00e1 algunas nubes pasajeras capaces de producir chubascos poco relevantes y de breve ocurrencia en localidades de las provincias: San Crist\u00f3bal, Monse\u00f1or Nouel y Barahona, el resto de las provincias predominar\u00e1 sol radiante y nubosidad aislada. En la tarde, el viento cambiar\u00e1 al sureste para calentar las temperaturas y direccionar algunas nubes en sectores de Hato Mayor y Monte Plata.<\/p>\n\n\n\n<p><strong>El ambiente caluroso seguir\u00e1 en las \u00e1reas urbanas,&nbsp;<\/strong><strong>en cambio, en zonas monta\u00f1osas y sus valles se prev\u00e9 se tornen algo agradables por el cambio del viento al este\/noreste esta noche y \u00b4primeras horas de ma\u00f1ana lunes.<\/strong><\/p>\n\n\n\n<p><strong>Distrito Nacional<\/strong>: cielo despejado a poca nubosidad.<\/p>\n\n\n\n<p><strong>Santo Domingo Norte:&nbsp;<\/strong>cielo despejado a poca nubosidad.<\/p>\n\n\n\n<p><strong>Santo Domingo Este<\/strong>: cielo despejado a poca nubosidad.<\/p>\n\n\n\n<p><strong>Santo Domingo Oeste<\/strong>: cielo despejado a poca nubosidad.<\/p>\n\n\n\n<p><strong>Temperatura m\u00ednima entre<\/strong>&nbsp;<strong>20 \u00b0C y 22 \u00b0C&nbsp;<\/strong><strong>y m\u00e1xima entre&nbsp;<\/strong><strong>31 \u00b0C y 33 \u00b0C.<\/strong><\/p>\n\n\n\n<p><strong>Resumen:c<\/strong><strong>ondiciones favorables para realizar actividades recreativas al aire libre. Temperaturas calurosas en zonas urbanas, mientras en zonas monta\u00f1osas y valles del interior ser\u00e1n algo agradables por el viento del este\/sureste durante la noche y primeras horas de ma\u00f1ana lunes.<\/strong><\/p>\n\n\n\n<p><strong>Este martes,&nbsp;<\/strong>la incidencia de una vaguada prefrontal sobre el pa\u00eds provocar\u00e1 parciales incrementos nubosos acompa\u00f1ados de aguaceros localmente moderados con posibles tronadas y aisladas r\u00e1fagas de viento, principalmente sobre algunas comunidades de Montecristi, Barahona, Pedernales, El Seibo Monte Plata, el Gran Santo Domingo, Puerto Plata, Mar\u00eda Trinidad S\u00e1nchez, Espaillat, Monse\u00f1or Nouel, La Vega, Santiago, as\u00ed como otros poblados de la Cordillera Central y la zona fronteriza.<\/p>\n\n\n\n<p><strong>Distrito Nacional<\/strong>: medio nublado en ocasiones con algunos chubascos aislados de corta duraci\u00f3n por momento en la ma\u00f1ana.<\/p>\n\n\n\n<p><strong>El Gran Santo Domingo:<\/strong>&nbsp;nubes dispersas. Chubascos aislados de corta duraci\u00f3n antes del mediod\u00eda.<\/p>\n\n\n\n<figure class=\"wp-block-table\"><table class=\"has-fixed-layout\"><tbody><tr><td><strong>PROVINCIAS<\/strong><\/td><td><strong>PRON\u00d3STICO POR LOCALIDADES<\/strong><\/td><td><strong>T. M\u00e1x. \u00b0C<\/strong><\/td><td><strong>T. M\u00edn. \u00b0C<\/strong><\/td><\/tr><tr><td><strong>Santiago<\/strong><\/td><td>Nubes dispersas a cielo despejado.<\/td><td><strong>31\/33<\/strong><\/td><td><strong>20\/22<\/strong><\/td><\/tr><tr><td><strong>Puerto&nbsp;Plata<\/strong><\/td><td>Medio nublado a nubes dispersas.<\/td><td><strong>29\/31<\/strong><\/td><td><strong>20\/22<\/strong><\/td><\/tr><tr><td><strong>Duarte<\/strong><\/td><td>Cielo despejado a nubes dispersas.<\/td><td><strong>31\/33<\/strong><\/td><td><strong>21\/23<\/strong><\/td><\/tr><tr><td><strong>Constanza<\/strong><\/td><td>Medio nublado a nubes dispersas.<\/td><td><strong>24\/26<\/strong><\/td><td><strong>9\/11<\/strong><\/td><\/tr><tr><td><strong>Peravia<\/strong><\/td><td>Medio nublado a nubes dispersas. Pasando luego, a cielo despejado.<\/td><td><strong>29\/31<\/strong><\/td><td><strong>21\/23<\/strong><\/td><\/tr><tr><td><strong>San P. de Macor\u00eds<\/strong><\/td><td>Nubes dispersas a cielo despejado.<\/td><td><strong>30\/32<\/strong><\/td><td><strong>21\/23<\/strong><\/td><\/tr><tr><td><strong>La Romana<\/strong><\/td><td>Nubes dispersas a cielo despejado.<\/td><td><strong>29\/31<\/strong><\/td><td><strong>21\/23<\/strong><\/td><\/tr><tr><td><strong>La Vega<\/strong><\/td><td>Medios nublados y aislados chubascos. Pasando a nubes dispersas.<\/td><td><strong>31\/33<\/strong><\/td><td><strong>19\/21<\/strong><\/td><\/tr><tr><td><strong>Monse\u00f1or Nouel<\/strong><\/td><td>Medios nublados y aislados chubascos. Pasando a nubes dispersas.<\/td><td><strong>30\/32<\/strong><\/td><td><strong>20\/22<\/strong><\/td><\/tr><tr><td><strong>San Crist\u00f3bal<\/strong><\/td><td>Nubes dispersas a cielo despejado.<\/td><td><strong>29\/31<\/strong><\/td><td><strong>21\/23<\/strong><\/td><\/tr><tr><td><strong>Saman\u00e1<\/strong><\/td><td>Nubes dispersas a cielo despejado.<\/td><td><strong>30\/32<\/strong><\/td><td><strong>20\/22<\/strong><\/td><\/tr><tr><td><strong>Monte Cristi<\/strong><\/td><td>Nubes dispersas a cielo despejado.<\/td><td><strong>32\/34<\/strong><\/td><td><strong>20\/22<\/strong><\/td><\/tr><tr><td><strong>Azua<\/strong><\/td><td>Medio nublado a nubes dispersas.<\/td><td><strong>32\/34<\/strong><\/td><td><strong>21\/23<\/strong><\/td><\/tr><tr><td><strong>San Juan<\/strong><\/td><td>Nubes dispersas a cielo despejado.<\/td><td><strong>31\/33<\/strong><\/td><td><strong>21\/23<\/strong><\/td><\/tr><tr><td><strong>Barahona<\/strong><\/td><td>Nubes dispersas a cielo despejado.<\/td><td><strong>31\/33<\/strong><\/td><td><strong>21\/23<\/strong><\/td><\/tr><tr><td><strong>La Altagracia<\/strong><\/td><td>Nubes dispersas a cielo despejado.<\/td><td><strong>29\/31<\/strong><\/td><td><strong>21\/23<\/strong><\/td><\/tr><\/tbody><\/table><\/figure>\n\n\n\n<p><strong>Meteor\u00f3logos: Wagner Rivera\/ Eimer Bautista.<\/strong><\/p>\n","protected":false},"excerpt":{"rendered":"<p>Informe del Tiempo Domingo 9 de marzo de 2025 a las 6:00 p.m. V\u00e1lido hasta&hellip;<\/p>\n","protected":false},"author":2,"featured_media":67357,"comment_status":"open","ping_status":"open","sticky":false,"template":"","format":"standard","meta":{"footnotes":""},"categories":[55],"tags":[],"class_list":["post-71995","post","type-post","status-publish","format-standard","has-post-thumbnail","hentry","category-nacionales"],"_links":{"self":[{"href":"https:\/\/eldiarioantillano.com\/uno\/wp-json\/wp\/v2\/posts\/71995","targetHints":{"allow":["GET"]}}],"collection":[{"href":"https:\/\/eldiarioantillano.com\/uno\/wp-json\/wp\/v2\/posts"}],"about":[{"href":"https:\/\/eldiarioantillano.com\/uno\/wp-json\/wp\/v2\/types\/post"}],"author":[{"embeddable":true,"href":"https:\/\/eldiarioantillano.com\/uno\/wp-json\/wp\/v2\/users\/2"}],"replies":[{"embeddable":true,"href":"https:\/\/eldiarioantillano.com\/uno\/wp-json\/wp\/v2\/comments?post=71995"}],"version-history":[{"count":1,"href":"https:\/\/eldiarioantillano.com\/uno\/wp-json\/wp\/v2\/posts\/71995\/revisions"}],"predecessor-version":[{"id":71996,"href":"https:\/\/eldiarioantillano.com\/uno\/wp-json\/wp\/v2\/posts\/71995\/revisions\/71996"}],"wp:featuredmedia":[{"embeddable":true,"href":"https:\/\/eldiarioantillano.com\/uno\/wp-json\/wp\/v2\/media\/67357"}],"wp:attachment":[{"href":"https:\/\/eldiarioantillano.com\/uno\/wp-json\/wp\/v2\/media?parent=71995"}],"wp:term":[{"taxonomy":"category","embeddable":true,"href":"https:\/\/eldiarioantillano.com\/uno\/wp-json\/wp\/v2\/categories?post=71995"},{"taxonomy":"post_tag","embeddable":true,"href":"https:\/\/eldiarioantillano.com\/uno\/wp-json\/wp\/v2\/tags?post=71995"}],"curies":[{"name":"wp","href":"https:\/\/api.w.org\/{rel}","templated":true}]}}