{"id":71913,"date":"2025-03-06T00:54:22","date_gmt":"2025-03-06T04:54:22","guid":{"rendered":"https:\/\/eldiarioantillano.com\/uno\/?p=71913"},"modified":"2025-03-06T00:54:28","modified_gmt":"2025-03-06T04:54:28","slug":"coge-tu-ong-favorita-la-ned-sigue-los-pasos-de-usaid","status":"publish","type":"post","link":"https:\/\/eldiarioantillano.com\/uno\/2025\/03\/06\/coge-tu-ong-favorita-la-ned-sigue-los-pasos-de-usaid\/","title":{"rendered":"Coge tu ONG Favorita: \u00bfLa NED sigue los pasos de\u00a0USAID?"},"content":{"rendered":"<div class=\"wp-block-image\">\n<figure class=\"aligncenter size-full\"><img fetchpriority=\"high\" decoding=\"async\" width=\"639\" height=\"395\" src=\"https:\/\/eldiarioantillano.com\/uno\/wp-content\/uploads\/2025\/03\/ONG.png\" alt=\"\" class=\"wp-image-71917\" srcset=\"https:\/\/eldiarioantillano.com\/uno\/wp-content\/uploads\/2025\/03\/ONG.png 639w, https:\/\/eldiarioantillano.com\/uno\/wp-content\/uploads\/2025\/03\/ONG-300x185.png 300w, https:\/\/eldiarioantillano.com\/uno\/wp-content\/uploads\/2025\/03\/ONG-585x362.png 585w\" sizes=\"(max-width: 639px) 100vw, 639px\" \/><figcaption class=\"wp-element-caption\">ONG Colombiana con Directivos de la NED, administra el \u00abapoyo\u00bb a inmigrantes venezolanos.\n<\/figcaption><\/figure>\n<\/div>\n\n\n<p>ART\u00cdCULO INVITADO<\/p>\n\n\n\n<p>Si bien USAID era una agencia una intervencionista, no es ni la principal ni la m\u00e1s avezada. &nbsp;&nbsp;Hay una agencia que no necesita un convenio con el gobierno local como lo es USAID, sino que opera al margen del gobierno donde se realiza la intervenci\u00f3n. Esta es la Fundaci\u00f3n Nacional para la Democracia, o&nbsp;<strong>National Endowment for Democracy<\/strong>, m\u00e1s conocida como la&nbsp;<strong>NED<\/strong>, agencia norteamericana opera todav\u00eda en republicas que inclusive est\u00e1n en conflicto abierto con Estados Unidos. por ejemplo, en el a\u00f1o 2023, gestionaba 23 proyectos en&nbsp;<strong>CUBA<\/strong>, y otros tantos en&nbsp;<strong>VENEZUELA<\/strong>; o 9 en&nbsp;<strong>Per\u00fa<\/strong>&nbsp;(con un promedio de 70 millones de d\u00f3lares de \u201c<em>inversi\u00f3n<\/em>\u201d). Para ese a\u00f1o 2023, administraba 274 proyectos en toda la gran patria, ejecutados en su mayor\u00eda por sus agentes organizados en ONG.<\/p>\n\n\n\n<p>La&nbsp;<strong>NED<\/strong>&nbsp;fue fundada en 1983 cuando Estados Unidos se vio envuelto en numerosas controversias relacionadas con operaciones militares encubiertas y el entrenamiento y financiamiento de paramilitares y escuadrones de la muerte en Am\u00e9rica Central y del Sur. Se form\u00f3 para crear una v\u00eda abierta y legal para canalizar fondos a grupos de oposici\u00f3n contra gestiones desfavorables en todo el mundo, eliminando as\u00ed el estigma pol\u00edtico asociado con el financiamiento encubierto de la CIA. En un famoso art\u00edculo del Washington Post de 1991<a href=\"https:\/\/surhoydotorg.wordpress.com\/?action=user_content_redirect&amp;uuid=c11fa6887c3aeef5d2bc1760476113e852457ad571f93ca2781db0da1e192ace&amp;blog_id=99502167&amp;post_id=5772&amp;user_id=27833733&amp;subs_id=18899799&amp;signature=8d97b4b436a1e74deff2c26a4b0c1543&amp;email_name=new-post&amp;user_email=jorlumelcar@hotmail.com&amp;encoded_url=aHR0cDovL3N1cmhveS5vcmcvMjAyNS8wMy8wMS9jb2dlLXR1LW9uZy1mYXZvcml0YS1sYS1uZWQtc2lndWUtbG9zLXBhc29zLWRlLXVzYWlkLyNfZWRuMQ=&amp;email_id=4aa3efcd229c707828c3ad8e08c94417\" rel=\"noreferrer noopener\" target=\"_blank\">[i]<\/a>, \u00ab<em>Inocencia en el extranjero: El nuevo mundo de los golpes sin esp\u00edas<\/em>\u00ab, Allen Weinstein (quien ayud\u00f3 a redactar la legislaci\u00f3n que estableci\u00f3 la NED) declar\u00f3: \u00ab<em>Mucho de lo que hacemos hoy [la NED] lo hizo encubiertamente la CIA hace 25 a\u00f1os<\/em>\u00ab.<\/p>\n\n\n\n<p>En 1996, la Fundaci\u00f3n Heritage public\u00f3 un art\u00edculo en defensa de la continua financiaci\u00f3n del Congreso, que resum\u00eda con precisi\u00f3n&nbsp;<strong>la utilidad de la NED como herramienta de pol\u00edtica exterior de Estados Unidos<\/strong>: \u00ab<em>La NED es un arma valiosa en la guerra internacional de ideas. Promueve los intereses nacionales estadounidenses al promover el desarrollo de democracias estables y amigas de Estados Unidos en partes estrat\u00e9gicamente importantes del mundo. Estados Unidos no puede darse el lujo de descartar un instrumento de pol\u00edtica exterior tan eficaz. Aunque la Guerra Fr\u00eda ha terminado, la guerra global de ideas sigue haciendo estragos<\/em>\u00ab.<\/p>\n\n\n\n<p>Adem\u00e1s de las campa\u00f1as en curso de desestabilizaci\u00f3n del r\u00e9gimen en estados enemigos de Estados Unidos, como Cuba y China, la NED ha participado repetidamente en influir en las elecciones y derrocar gobiernos de tendencia con intereses diferentes a los estadounidenses. Proporcionando financiamiento, capacitaci\u00f3n y asesoramiento estrat\u00e9gico a grupos de oposici\u00f3n, partidos pol\u00edticos, periodistas y medios de comunicaci\u00f3n. Como escribi\u00f3 Barbara Conry<a href=\"https:\/\/surhoydotorg.wordpress.com\/?action=user_content_redirect&amp;uuid=dea47ebdde9201a7d63610cee142635b323ddfbff9ea5eb962ecb134f371c6ac&amp;blog_id=99502167&amp;post_id=5772&amp;user_id=27833733&amp;subs_id=18899799&amp;signature=ae21e31f2014c0be1b5223d8c573f11d&amp;email_name=new-post&amp;user_email=jorlumelcar@hotmail.com&amp;encoded_url=aHR0cDovL3N1cmhveS5vcmcvMjAyNS8wMy8wMS9jb2dlLXR1LW9uZy1mYXZvcml0YS1sYS1uZWQtc2lndWUtbG9zLXBhc29zLWRlLXVzYWlkLyNfZWRuMg=&amp;email_id=4aa3efcd229c707828c3ad8e08c94417\" rel=\"noreferrer noopener\" target=\"_blank\">[ii]<\/a>, del Instituto Cato; \u00ab<em>A trav\u00e9s de la NED, el contribuyente estadounidense ha pagado a grupos de intereses especiales para acosar a los gobiernos debidamente elegidos de pa\u00edses amigos, interferir en elecciones extranjeras y fomentar la corrupci\u00f3n de los movimientos democr\u00e1ticos<\/em>\u00ab.<\/p>\n\n\n\n<p>El 2018, describimos c\u00f3mo funciona la NED, su estructura y c\u00f3mo opera, ver: &nbsp;<a href=\"https:\/\/surhoydotorg.wordpress.com\/?action=user_content_redirect&amp;uuid=5a45d32f28b1c33dbde920e9e26a4b6bcb19dd7e8fc046a296843e86db91307c&amp;blog_id=99502167&amp;post_id=5772&amp;user_id=27833733&amp;subs_id=18899799&amp;signature=39819b9a0f73149c6d809a380da03f26&amp;email_name=new-post&amp;user_email=jorlumelcar@hotmail.com&amp;encoded_url=aHR0cHM6Ly9zdXJob3kub3JnLzIwMTgvMDEvMDQvcXVlLWVzLWxhLW5lZC15LXF1aWVuZXMtc29uLXN1cy1wZW9uZXMv&amp;email_id=4aa3efcd229c707828c3ad8e08c94417\" rel=\"noreferrer noopener\" target=\"_blank\">https:\/\/surhoy.org\/2018\/01\/04\/que-es-la-ned-y-quienes-son-sus-peones\/<\/a><\/p>\n\n\n\n<p>En esta oportunidad les alcanzamos un listado de las m\u00e1s notorias ONG que reciben financiamiento de la NED por orden alfab\u00e9tico en toda la gran Patria. Estas ONG, curiosamente, tienen socios que pertenecen a diversos grupos pol\u00edticos, en su absoluta mayor\u00eda socialdem\u00f3cratas y se presentan individualmente como \u201c<em>antimperialistas<\/em>\u201d o de \u201c<em>izquierda<\/em>\u201d. &nbsp;Obviamente, la NED tiene al Instituto Nacional Dem\u00f3crata (NDI) para \u201c<em>apoyar<\/em>\u201d a grupos que se dicen \u201c<em>progresistas<\/em>\u201d; al Instituto Republicano Internacional (IRI) para financiar a grupos \u201c<em>conservadores<\/em>\u201d, al Centro para la Empresa Privada Internacional (CIPE)para \u201cemprendedores\u201d o gremios empresariales, y al Centro Americano para la Solidaridad Laboral Internacional (ACILS) o \u201cCentro de Solidaridad\u201d, para asesorar y capacitar gremios de trabajadores, como a la CGTP del Per\u00fa. Caso que describimos ampliamente aqu\u00ed:&nbsp;<a href=\"https:\/\/surhoydotorg.wordpress.com\/?action=user_content_redirect&amp;uuid=cfc8188f5ea514ab11f0dbbfef58dbfee92f00273e6948f4759e16acbcd5ff19&amp;blog_id=99502167&amp;post_id=5772&amp;user_id=27833733&amp;subs_id=18899799&amp;signature=679ee2adecffa6ce0706896d739e78b9&amp;email_name=new-post&amp;user_email=jorlumelcar@hotmail.com&amp;encoded_url=aHR0cHM6Ly9zdXJob3kub3JnLzIwMTkvMTEvMDgvbGEtYWN0dWFsLWNndHAteS1lbC1wb3ItcXVlLWVsLXBlcnUtbm8tcmVhY2Npb25hLWNvbW8tY2hpbGUv&amp;email_id=4aa3efcd229c707828c3ad8e08c94417\" rel=\"noreferrer noopener\" target=\"_blank\">https:\/\/surhoy.org\/2019\/11\/08\/la-actual-cgtp-y-el-por-que-el-peru-no-reacciona-como-chile\/<\/a><\/p>\n\n\n<div class=\"wp-block-image\">\n<figure class=\"aligncenter size-full\"><img decoding=\"async\" width=\"639\" height=\"310\" src=\"https:\/\/eldiarioantillano.com\/uno\/wp-content\/uploads\/2025\/03\/NED2.png\" alt=\"\" class=\"wp-image-71915\" srcset=\"https:\/\/eldiarioantillano.com\/uno\/wp-content\/uploads\/2025\/03\/NED2.png 639w, https:\/\/eldiarioantillano.com\/uno\/wp-content\/uploads\/2025\/03\/NED2-300x146.png 300w, https:\/\/eldiarioantillano.com\/uno\/wp-content\/uploads\/2025\/03\/NED2-585x284.png 585w\" sizes=\"(max-width: 639px) 100vw, 639px\" \/><\/figure>\n<\/div>\n\n\n<p>Aqu\u00ed les pasamos un listado de varios actores (ONG, Redes, empresas y universidades) que recibieron y reciben financiamiento de la NED.&nbsp;<strong>Obviemente se premian entre ellas, y conforman redes para una mayor cobertura<\/strong>. Encuentre su ONG favorita:<\/p>\n\n\n\n<ul class=\"wp-block-list\">\n<li>Acci\u00f3n Ciudadana<\/li>\n\n\n\n<li>Agencia de Noticias Fides Compa\u00f1\u00eda de Jes\u00fas<\/li>\n\n\n\n<li>\u00c1gora Cuba Inc.<\/li>\n\n\n\n<li>Aramendia, Pedro, Solorzano, Sociedad Civil<\/li>\n\n\n\n<li>Ashanti Per\u00fa \u2013 Red Peruana de j\u00f3venes Afrodescendientes<\/li>\n\n\n\n<li>Asociaci\u00f3n Cient\u00edfica Multidisciplinaria \u2013 SIM<\/li>\n\n\n\n<li>Asociaci\u00f3n Civil Di\u00e1logos<\/li>\n\n\n\n<li>Asociaci\u00f3n Civil Foro de Justicia Ambiental de Pet\u00e9n<\/li>\n\n\n\n<li>Asociaci\u00f3n Civil no Lucrativa j\u00f3venes X Guatemala<\/li>\n\n\n\n<li>Asociaci\u00f3n Civil por la Igualdad y la Justicia<\/li>\n\n\n\n<li>Asociaci\u00f3n Civil Red Ciudadana<\/li>\n\n\n\n<li>Asociaci\u00f3n Civil Reflexi\u00f3n Democr\u00e1tica<\/li>\n\n\n\n<li>Asociaci\u00f3n Civil Transparencia<\/li>\n\n\n\n<li>Asociaci\u00f3n Comisi\u00f3n Permanente de Derechos Humanos de Nicaragua<\/li>\n\n\n\n<li>Asociaci\u00f3n Comit\u00e9 por la Libre Expresi\u00f3n<\/li>\n\n\n\n<li>Asociaci\u00f3n Consejo de Redacci\u00f3n<\/li>\n\n\n\n<li>Asociaci\u00f3n Consorcio Boliviano de Juventudes \u2013 Casa de la Juventud<\/li>\n\n\n\n<li>Asociaci\u00f3n Convoca<\/li>\n\n\n\n<li>Asociaci\u00f3n Coordinadora de la Mujer<\/li>\n\n\n\n<li>Asociaci\u00f3n Cristiana de J\u00f3venes de Honduras<\/li>\n\n\n\n<li>Asociaci\u00f3n CT Crudo Transparente<\/li>\n\n\n\n<li>Asociaci\u00f3n de Contribuyentes del Per\u00fa<\/li>\n\n\n\n<li>Asociaci\u00f3n de Investigaci\u00f3n y Estudios Sociales<\/li>\n\n\n\n<li>Asociaci\u00f3n de Periodismo de Investigaci\u00f3n Ojo P\u00fablico<\/li>\n\n\n\n<li>Asociaci\u00f3n de V\u00edctimas por la Paz y el Desarrollo<\/li>\n\n\n\n<li>Asociaci\u00f3n Diario de Cuba<\/li>\n\n\n\n<li>Asociaci\u00f3n Hagamos Democracia<\/li>\n\n\n\n<li>Asociaci\u00f3n Instituto de Estudios Estrat\u00e9gicos y Pol\u00edticas P\u00fablicas<\/li>\n\n\n\n<li>Asociaci\u00f3n J\u00f3venes Contra la Violencia Honduras<\/li>\n\n\n\n<li>Asociaci\u00f3n Juventud para el Desarrollo<\/li>\n\n\n\n<li>Asociaci\u00f3n Manos Unidas de Honduras<\/li>\n\n\n\n<li>Asociaci\u00f3n Mexicana para las Naciones Unidas de J\u00f3venes<\/li>\n\n\n\n<li>Asociaci\u00f3n Minga Peru<\/li>\n\n\n\n<li>Asociaci\u00f3n Mujeres por la Equidad de G\u00e9nero y la Autonom\u00eda \u2013 MEGA<\/li>\n\n\n\n<li>Asociaci\u00f3n Nacional de Afrocolombianos Desplazados<\/li>\n\n\n\n<li>Asociaci\u00f3n Nacional de la Prensa<\/li>\n\n\n\n<li>Asociaci\u00f3n Observatorio Cubano de Derechos Humanos<\/li>\n\n\n\n<li>Asociaci\u00f3n por los Derechos Civiles<\/li>\n\n\n\n<li>Asociaci\u00f3n Pro Derechos Humanos (APRODEH)<\/li>\n\n\n\n<li>Asociaci\u00f3n Servicios Educativos Rurales, S.E.R.<\/li>\n\n\n\n<li>Asociaci\u00f3n TEDIC (Tecnolog\u00eda, Educaci\u00f3n, Desarrollo, Investigaci\u00f3n y Comunicaci\u00f3n)<\/li>\n\n\n\n<li>Asociaci\u00f3n Trinidad: Ciudadan\u00eda, Cultura, Desarrollo<\/li>\n\n\n\n<li>Asuntos del Sur<\/li>\n\n\n\n<li>Borde Pol\u00edtico, A.C.<\/li>\n\n\n\n<li>Campa\u00f1a Global por la Libertad de Expresi\u00f3n A19 A.C.<\/li>\n\n\n\n<li>CaribbeanTales Worldwide Distribution Inc.<\/li>\n\n\n\n<li>C\u00e1ritas Boliviana<\/li>\n\n\n\n<li>Center for a Free Cuba<\/li>\n\n\n\n<li>Center for Socio-legal Research \u2013 Universidad de los Andes, School of Law<\/li>\n\n\n\n<li>Centro Para La Apertura Y El Desarrollo De America Latina<\/li>\n\n\n\n<li>Centro Boliviano de Estudios Multidisciplinarios<\/li>\n\n\n\n<li>Centro de An\u00e1lisis y Difusi\u00f3n de Econom\u00eda Paraguaya (CADEP)<\/li>\n\n\n\n<li>Centro de Documentaci\u00f3n de Honduras<\/li>\n\n\n\n<li>Centro de Estudios Constitucionales Iberoamericanos (CECI)<\/li>\n\n\n\n<li>Centro de Estudios Judiciales del Paraguay<\/li>\n\n\n\n<li>Centro de Estudios sobre Justicia y Participaci\u00f3n<\/li>\n\n\n\n<li>Centro de Estudios sobre la Realidad Econ\u00f3mica y Social de Bolivia<\/li>\n\n\n\n<li>Centro de Estudios Sociales (CES)<\/li>\n\n\n\n<li>Centro de Estudios y Apoyo al Desarrollo Local<\/li>\n\n\n\n<li>Centro de Informaci\u00f3n y Recursos para el Desarrollo<\/li>\n\n\n\n<li>Centro de Informaci\u00f3n y Servicio de Asesor\u00eda en Salud<\/li>\n\n\n\n<li>Centro de Investigaci\u00f3n y Capacitaci\u00f3n de Emprendedores Sociales Asociaci\u00f3n Civil<\/li>\n\n\n\n<li>Centro Ecuatoriano de Desarrollo y Estudios Alternativos, CEDEAL<\/li>\n\n\n\n<li>Centro para el Desarrollo y la Cooperaci\u00f3n LGTBI<\/li>\n\n\n\n<li>Centro para la Apertura y el Desarrollo de Am\u00e9rica Latina<\/li>\n\n\n\n<li>Centro Profesional Ind\u00edgena de Asesor\u00eda, Defensa y Traducci\u00f3n, Asociaci\u00f3n Civil<\/li>\n\n\n\n<li>Colectivo para la Diversidad<\/li>\n\n\n\n<li>Colectivo para la Diversidad, Asociaci\u00f3n Civil<\/li>\n\n\n\n<li>Comisi\u00f3n Colombiana de Juristas<\/li>\n\n\n\n<li>Comision Permanente de Derechos Humanos de Nicaragua<\/li>\n\n\n\n<li>Confederaci\u00f3n Colombiana de Organizaciones No Gubernamentales CCONG<\/li>\n\n\n\n<li>Confederaci\u00f3n Nacional Agraria<\/li>\n\n\n\n<li>Consejo de Redacci\u00f3n<\/li>\n\n\n\n<li>Consejo Mexicano de Asuntos Internacionales A.C. (Comexi)<\/li>\n\n\n\n<li>Consejo Nacional para la \u00c9tica P\u00fablica, PRO\u00c9TICA<\/li>\n\n\n\n<li>Consorcio Boliviano de Juventudes \u2013 Casa de la Juventud<\/li>\n\n\n\n<li>Construyendo Redes para el Desarrollo (REDES)<\/li>\n\n\n\n<li>Corporaci\u00f3n Caribe Afirmativo<\/li>\n\n\n\n<li>Corporaci\u00f3n Casa de la Mujer<\/li>\n\n\n\n<li>Corporaci\u00f3n Centro de Pastoral Afrocolombia<\/li>\n\n\n\n<li>Corporaci\u00f3n Participaci\u00f3n Ciudadana Ecuador<\/li>\n\n\n\n<li>Corporaci\u00f3n Transparencia por Colombia<\/li>\n\n\n\n<li>Corporaci\u00f3n Viva la Ciudadan\u00eda<\/li>\n\n\n\n<li>Cubalex<\/li>\n\n\n\n<li>Cuban Democratic Directorate<\/li>\n\n\n\n<li>Cuban Democratic Directorate (directorio)<\/li>\n\n\n\n<li>Cuban Soul Foundation<\/li>\n\n\n\n<li>CubaNet News, Inc.<\/li>\n\n\n\n<li>Derecho, Ambiente y Recursos Naturales<\/li>\n\n\n\n<li>Dialogo y Movimiento AC<\/li>\n\n\n\n<li>Directorio Democr\u00e1tico Cubano, Inc.<\/li>\n\n\n\n<li>Documenta, An\u00e1lisis y Acci\u00f3n para la Justicia Social, A.C.<\/li>\n\n\n\n<li>Ecuador<\/li>\n\n\n\n<li>Educaci\u00f3n Radiof\u00f3nica de Bolivia<\/li>\n\n\n\n<li>El Escarabajo SAS<\/li>\n\n\n\n<li>Equipo Latinoamericano de Justicia y G\u00e9nero, Asociaci\u00f3n Civil (ELA)<\/li>\n\n\n\n<li>Evangelical Christian Humanitarian Outreach for Cuba<\/li>\n\n\n\n<li>Fondation Heritage pour Haiti<\/li>\n\n\n\n<li>Fondo de Mujeres del Sur<\/li>\n\n\n\n<li>Foro Social de Deuda Externa y Desarrollo de Honduras (FOSDEH)<\/li>\n\n\n\n<li>Foundation for Human Rights in Cuba, Inc.<\/li>\n\n\n\n<li>Funda\u00e7\u00e3o Fernando Henrique Cardoso<\/li>\n\n\n\n<li>Fundaci\u00f3n Ambiente Y Recursos Naturales (farn)<\/li>\n\n\n\n<li>Fundaci\u00f3n Andina para la Observaci\u00f3n Social y el Estudio de Medios FUNDAMEDIOS<\/li>\n\n\n\n<li>Fundaci\u00f3n Avina<\/li>\n\n\n\n<li>Fundaci\u00f3n CADAL (Centro para la Apertura y el Desarrollo de Am\u00e9rica Latina)<\/li>\n\n\n\n<li>Fundaci\u00f3n Cartel Urbano<\/li>\n\n\n\n<li>Fundaci\u00f3n Ciudadan\u00eda y Desarrollo<\/li>\n\n\n\n<li>Fundaci\u00f3n Ciudadano Inteligente<\/li>\n\n\n\n<li>Fundaci\u00f3n Comunitaria de Centro de Informaci\u00f3n y Recursos para el Desarrollo<\/li>\n\n\n\n<li>Fundaci\u00f3n CONNECTAS<\/li>\n\n\n\n<li>Fundaci\u00f3n Conocimiento Abierto<\/li>\n\n\n\n<li>Fundaci\u00f3n Construir<\/li>\n\n\n\n<li>Fundaci\u00f3n De Ayuda Por Internet<\/li>\n\n\n\n<li>Fundaci\u00f3n de Estudios Estrat\u00e9gicos para la Democracia<\/li>\n\n\n\n<li>Fundaci\u00f3n Directorio Legislativo<\/li>\n\n\n\n<li>Fundaci\u00f3n Espacio Publico<\/li>\n\n\n\n<li>Fundaci\u00f3n Iberoamericana de las Culturas<\/li>\n\n\n\n<li>Fundaci\u00f3n Ideas para la Paz \u2013 FIP<\/li>\n\n\n\n<li>Fundaci\u00f3n Insight Crime<\/li>\n\n\n\n<li>Fundaci\u00f3n Jubileo<\/li>\n\n\n\n<li>Fundaci\u00f3n la Voz Publica<\/li>\n\n\n\n<li>Fundaci\u00f3n la Voz P\u00fablica para la Verificaci\u00f3n del Discurso P\u00fablico<\/li>\n\n\n\n<li>Fundaci\u00f3n Las Dos Orillas<\/li>\n\n\n\n<li>Fundaci\u00f3n Mi Sangre<\/li>\n\n\n\n<li>Fundaci\u00f3n Microjusticia Bolivia<\/li>\n\n\n\n<li>Fundaci\u00f3n Mil Hojas<\/li>\n\n\n\n<li>Fundaci\u00f3n Milenio<\/li>\n\n\n\n<li>Fundaci\u00f3n Nacional para el Desarrollo<\/li>\n\n\n\n<li>Fundaci\u00f3n Nicarag\u00fcense de Apoyo a Programas Sociales<\/li>\n\n\n\n<li>Fundaci\u00f3n Nicarag\u00fcense para el Desarrollo Econ\u00f3mico y Social<\/li>\n\n\n\n<li>Fundaci\u00f3n Nueva Democracia<\/li>\n\n\n\n<li>Fundaci\u00f3n Observatorio de Derechos Humanos y Justicia<\/li>\n\n\n\n<li>Fundaci\u00f3n para el Desarrollo de Pol\u00edticas Sustentables<\/li>\n\n\n\n<li>Fundaci\u00f3n para el Periodismo<\/li>\n\n\n\n<li>Fundaci\u00f3n para la Cooperaci\u00f3n del Migrante FUCOM<\/li>\n\n\n\n<li>Fundaci\u00f3n para la Integraci\u00f3n y el Desarrollo de Am\u00e9rica Latina FIDAL<\/li>\n\n\n\n<li>Fundaci\u00f3n para la Libertad de Prensa<\/li>\n\n\n\n<li>Fundaci\u00f3n Paz y Reconciliaci\u00f3n<\/li>\n\n\n\n<li>Fundaci\u00f3n Poder Ciudadano<\/li>\n\n\n\n<li>Fundaci\u00f3n Pro Bono<\/li>\n\n\n\n<li>Fundaci\u00f3n REDPRODEPAZ<\/li>\n\n\n\n<li>Fundaci\u00f3n Saraki<\/li>\n\n\n\n<li>Fundaci\u00f3n Universidad de Palermo<\/li>\n\n\n\n<li>Grupo de Estudios Multidisciplinarios sobre Religi\u00f3n e Incidencia P\u00fablica o GEMRIP<\/li>\n\n\n\n<li>Grupo Internacional para la Responsabilidad Social Corporativa en Cuba<\/li>\n\n\n\n<li>Guatemala Visible<\/li>\n\n\n\n<li>IDHEAS Litigio Estrat\u00e9gico en Derechos Humanos A.C.<\/li>\n\n\n\n<li>Institute Panos Caraibes<\/li>\n\n\n\n<li>Instituto Centroamericano de Estudios Fiscales<\/li>\n\n\n\n<li>Instituto Cubano por la Libertad de Expresi\u00f3n y Prensa Inc.<\/li>\n\n\n\n<li>Instituto de Asistencia Social, Econ\u00f3mica y Tecnologica INASET<\/li>\n\n\n\n<li>Instituto de Comunicaci\u00f3n y Desarrollo<\/li>\n\n\n\n<li>Instituto de Derecho y Econom\u00eda Ambiental (IDEA)<\/li>\n\n\n\n<li>Instituto de Desarrollo y Gobernabilidad<\/li>\n\n\n\n<li>Instituto de Estudios Estrat\u00e9gicos y Pol\u00edticas Publicas<\/li>\n\n\n\n<li>Instituto de Liderazgo Simone de Beauvoir AC<\/li>\n\n\n\n<li>Instituto Interamericano de Derechos Humanos<\/li>\n\n\n\n<li>Instituto Mexicano de Derechos Humanos y Democracia, A.C.<\/li>\n\n\n\n<li>Instituto Pol\u00edtico para la Libertad Per\u00fa<\/li>\n\n\n\n<li>Instituto Prensa y Sociedad<\/li>\n\n\n\n<li>International Platform for Human Rights in Cuba<\/li>\n\n\n\n<li>Inversiones Multimedia, Sociedad An\u00f3nima<\/li>\n\n\n\n<li>Investigaci\u00f3n e Innovaci\u00f3n Factual A.C.<\/li>\n\n\n\n<li>Investigaci\u00f3n, Dise\u00f1o y Comunicaciones, Sociedad de Responsabilidad Limitada<\/li>\n\n\n\n<li>Jovenes por Guatemala<\/li>\n\n\n\n<li>Justicia para Nuestras Hijas A.C<\/li>\n\n\n\n<li>Laboratorio de Litigio Estructural<\/li>\n\n\n\n<li>Latin American And Caribbean Network For Democracy<\/li>\n\n\n\n<li>Latin American and Caribbean Network for Democracy, Inc.<\/li>\n\n\n\n<li>Latin American Center for Nonviolence<\/li>\n\n\n\n<li>Latin American Cultural Union<\/li>\n\n\n\n<li>Mexicanos vs Corrupci\u00f3n e Impunidad<\/li>\n\n\n\n<li>M\u00e9xico Eval\u00faa Centro de An\u00e1lisis de Pol\u00edticas Publicas A C<\/li>\n\n\n\n<li>Misi\u00f3n de Observaci\u00f3n Electoral<\/li>\n\n\n\n<li>Movimiento C\u00edvico Nacional<\/li>\n\n\n\n<li>Movimiento Mi Cometa<\/li>\n\n\n\n<li>Observatorio Cubano de Derechos Humanos<\/li>\n\n\n\n<li>Observatorio de Derechos y Justicia<\/li>\n\n\n\n<li>Oficina Jur\u00eddica para la Mujer<\/li>\n\n\n\n<li>Ollin, J\u00f3venes en Movimiento AC<\/li>\n\n\n\n<li>Operaci\u00f3n Liborio con Cuba, Inc.<\/li>\n\n\n\n<li>Outreach Aid to the Americas, Inc.<\/li>\n\n\n\n<li>Plataforma de Integraci\u00f3n Cubana<\/li>\n\n\n\n<li>Plataforma Mulheres em Ac\u00e7\u00e3o<\/li>\n\n\n\n<li>Plataforma por la Defensa de la Democracia y los Derechos Humanos de Ecuador<\/li>\n\n\n\n<li>Pontificia Universidad Cat\u00f3lica del Ecuador<\/li>\n\n\n\n<li>Pontificia Universidad Cat\u00f3lica del Per\u00fa<\/li>\n\n\n\n<li>Por Una Vida Digna<\/li>\n\n\n\n<li>Presentes: Periodismo, G\u00e9neros y Derechos Humanos, Asociaci\u00f3n Simple<\/li>\n\n\n\n<li>Producciones el Rastro LLC<\/li>\n\n\n\n<li>Producciones Red Comunica, Investiga y Conecta Sociedad de Responsabilidad Limitada de Capital Variable<\/li>\n\n\n\n<li>PRO\u00c9TICA \u2013 Consejo Nacional para la Etica Publica<\/li>\n\n\n\n<li>Protocolo de Asesoramiento en Comunicacion<\/li>\n\n\n\n<li>ReAccion Paraguay<\/li>\n\n\n\n<li>Red de Seguridad y Defensa de Am\u00e9rica Latina Asociaci\u00f3n Civil<\/li>\n\n\n\n<li>Red Latinoamericana de J\u00f3venes por la Democracia<\/li>\n\n\n\n<li>Red Latinoamericana y del Caribe por la Democracia<\/li>\n\n\n\n<li>Red Nacional de Programas Regionales de Desarrollo y Paz<\/li>\n\n\n\n<li>Red Nacional por la Integridad<\/li>\n\n\n\n<li>Red Peruana de Jovenes Afrodescendientes Ashanti Peru<\/li>\n\n\n\n<li>Reflexion Democratica<\/li>\n\n\n\n<li>RESDAL Red de Seguridad y Defensa de Am\u00e9rica Latina Asociaci\u00f3n Civil<\/li>\n\n\n\n<li>Semillas para la Democracia<\/li>\n\n\n\n<li>Transparencia Electoral<\/li>\n\n\n\n<li>Universidad de los Andes<\/li>\n\n\n\n<li>Universidad Sergio Arboleda<\/li>\n<\/ul>\n\n\n\n<p>Para mala suerte de los anteriores, se ha restringido el financiamiento como parte de una pol\u00edtica de reestructuraci\u00f3n de la ayuda internacional, propiciada por la administraci\u00f3n de #Trump. Es por ello por lo que los \u201c<em>afectados<\/em>\u201d manifiestan su odio visceral contra el actual presidente de los Estados Unidos. Para estos individuos, si Biden u otros segu\u00edan financiando bombardeos a ni\u00f1os no era relevante, mientras ellos sigan recibiendo sus estipendios y propagandizando la agenda WOKE de sus patrones. &nbsp;<\/p>\n\n\n\n<p>La propia NED ya anuncio el recorte de aproximadamente 2000 proyectos y la anulaci\u00f3n de convocatorias.<\/p>\n\n\n<div class=\"wp-block-image\">\n<figure class=\"aligncenter size-full\"><img decoding=\"async\" width=\"639\" height=\"317\" src=\"https:\/\/eldiarioantillano.com\/uno\/wp-content\/uploads\/2025\/03\/NED.png\" alt=\"\" class=\"wp-image-71916\" srcset=\"https:\/\/eldiarioantillano.com\/uno\/wp-content\/uploads\/2025\/03\/NED.png 639w, https:\/\/eldiarioantillano.com\/uno\/wp-content\/uploads\/2025\/03\/NED-300x149.png 300w, https:\/\/eldiarioantillano.com\/uno\/wp-content\/uploads\/2025\/03\/NED-585x290.png 585w\" sizes=\"(max-width: 639px) 100vw, 639px\" \/><\/figure>\n<\/div>\n\n\n<p>Todos los asalariados socialdem\u00f3cratas comenzaran por fin a aprender a trabajar para subsistir, previa guerra interna por los pocos recursos disponibles.<\/p>\n\n\n\n<p>Con raz\u00f3n, los campesinos, acostumbrados a largas jornadas,&nbsp;<strong>saben muy bien que para que una planta crezca libre y sana, primero se tiene que eliminar a los par\u00e1sitos.<\/strong><\/p>\n\n\n\n<hr class=\"wp-block-separator has-alpha-channel-opacity\"\/>\n\n\n\n<p><a href=\"https:\/\/surhoydotorg.wordpress.com\/?action=user_content_redirect&amp;uuid=05742317bdc6fe62578d4a4ab93c336cc34761e153a36a239659b0d460847434&amp;blog_id=99502167&amp;post_id=5772&amp;user_id=27833733&amp;subs_id=18899799&amp;signature=e6f75df40b6e0e15fbb4e79157d69221&amp;email_name=new-post&amp;user_email=jorlumelcar@hotmail.com&amp;encoded_url=aHR0cDovL3N1cmhveS5vcmcvMjAyNS8wMy8wMS9jb2dlLXR1LW9uZy1mYXZvcml0YS1sYS1uZWQtc2lndWUtbG9zLXBhc29zLWRlLXVzYWlkLyNfZWRucmVmMQ=&amp;email_id=4aa3efcd229c707828c3ad8e08c94417\" rel=\"noreferrer noopener\" target=\"_blank\">[i]<\/a>&nbsp;<a href=\"https:\/\/surhoydotorg.wordpress.com\/?action=user_content_redirect&amp;uuid=51db5c72a1f3b97935a037239706f59a06911cdf16591d2eda16eafe56048829&amp;blog_id=99502167&amp;post_id=5772&amp;user_id=27833733&amp;subs_id=18899799&amp;signature=145b7c92c2690f94ec734a234a73fab1&amp;email_name=new-post&amp;user_email=jorlumelcar@hotmail.com&amp;encoded_url=aHR0cHM6Ly93d3cud2FzaGluZ3RvbnBvc3QuY29tL2FyY2hpdmUvb3BpbmlvbnMvMTk5MS8wOS8yMi9pbm5vY2VuY2UtYWJyb2FkLXRoZS1uZXctd29ybGQtb2Ytc3B5bGVzcy1jb3Vwcy85MmJiOTg5YS1kZTZlLTRiYjgtOTliOS00NjJjNzZiNTlhMTYv&amp;email_id=4aa3efcd229c707828c3ad8e08c94417\" rel=\"noreferrer noopener\" target=\"_blank\">https:\/\/www.washingtonpost.com\/archive\/opinions\/1991\/09\/22\/innocence-abroad-the-new-world-of-spyless-coups\/92bb989a-de6e-4bb8-99b9-462c76b59a16\/<\/a><\/p>\n\n\n\n<p><a href=\"https:\/\/surhoydotorg.wordpress.com\/?action=user_content_redirect&amp;uuid=763a401bd6b9410a1f62702e384237230fc50fb82c8d896ebb64cbdd62ba8947&amp;blog_id=99502167&amp;post_id=5772&amp;user_id=27833733&amp;subs_id=18899799&amp;signature=2a1f6178d1778c91d2e10b6aa470ed3c&amp;email_name=new-post&amp;user_email=jorlumelcar@hotmail.com&amp;encoded_url=aHR0cDovL3N1cmhveS5vcmcvMjAyNS8wMy8wMS9jb2dlLXR1LW9uZy1mYXZvcml0YS1sYS1uZWQtc2lndWUtbG9zLXBhc29zLWRlLXVzYWlkLyNfZWRucmVmMg=&amp;email_id=4aa3efcd229c707828c3ad8e08c94417\" rel=\"noreferrer noopener\" target=\"_blank\">[ii]<\/a>&nbsp;<a href=\"https:\/\/surhoydotorg.wordpress.com\/?action=user_content_redirect&amp;uuid=de430b91a2053d3bdfd7fe88f6365ff1482f2022ca319e728f0904f6b0cb5d7f&amp;blog_id=99502167&amp;post_id=5772&amp;user_id=27833733&amp;subs_id=18899799&amp;signature=43fcef0c6487b48ab633fa7c78afca42&amp;email_name=new-post&amp;user_email=jorlumelcar@hotmail.com&amp;encoded_url=aHR0cHM6Ly93d3cuY2F0by5vcmcvc2l0ZXMvY2F0by5vcmcvZmlsZXMvcHVicy9wZGYvZnBiMDI3LnBkZg=&amp;email_id=4aa3efcd229c707828c3ad8e08c94417\" rel=\"noreferrer noopener\" target=\"_blank\">https:\/\/www.cato.org\/sites\/cato.org\/files\/pubs\/pdf\/fpb027.pdf<\/a><\/p>\n\n\n\n<p>Reproducido de www.surhoy.org<\/p>\n","protected":false},"excerpt":{"rendered":"<p>ART\u00cdCULO INVITADO Si bien USAID era una agencia una intervencionista, no es ni la principal&hellip;<\/p>\n","protected":false},"author":2,"featured_media":71917,"comment_status":"open","ping_status":"open","sticky":false,"template":"","format":"standard","meta":{"footnotes":""},"categories":[66,52],"tags":[],"class_list":["post-71913","post","type-post","status-publish","format-standard","has-post-thumbnail","hentry","category-articulo-invitado","category-internacionales"],"_links":{"self":[{"href":"https:\/\/eldiarioantillano.com\/uno\/wp-json\/wp\/v2\/posts\/71913","targetHints":{"allow":["GET"]}}],"collection":[{"href":"https:\/\/eldiarioantillano.com\/uno\/wp-json\/wp\/v2\/posts"}],"about":[{"href":"https:\/\/eldiarioantillano.com\/uno\/wp-json\/wp\/v2\/types\/post"}],"author":[{"embeddable":true,"href":"https:\/\/eldiarioantillano.com\/uno\/wp-json\/wp\/v2\/users\/2"}],"replies":[{"embeddable":true,"href":"https:\/\/eldiarioantillano.com\/uno\/wp-json\/wp\/v2\/comments?post=71913"}],"version-history":[{"count":1,"href":"https:\/\/eldiarioantillano.com\/uno\/wp-json\/wp\/v2\/posts\/71913\/revisions"}],"predecessor-version":[{"id":71920,"href":"https:\/\/eldiarioantillano.com\/uno\/wp-json\/wp\/v2\/posts\/71913\/revisions\/71920"}],"wp:featuredmedia":[{"embeddable":true,"href":"https:\/\/eldiarioantillano.com\/uno\/wp-json\/wp\/v2\/media\/71917"}],"wp:attachment":[{"href":"https:\/\/eldiarioantillano.com\/uno\/wp-json\/wp\/v2\/media?parent=71913"}],"wp:term":[{"taxonomy":"category","embeddable":true,"href":"https:\/\/eldiarioantillano.com\/uno\/wp-json\/wp\/v2\/categories?post=71913"},{"taxonomy":"post_tag","embeddable":true,"href":"https:\/\/eldiarioantillano.com\/uno\/wp-json\/wp\/v2\/tags?post=71913"}],"curies":[{"name":"wp","href":"https:\/\/api.w.org\/{rel}","templated":true}]}}