{"id":71905,"date":"2025-03-05T01:07:23","date_gmt":"2025-03-05T05:07:23","guid":{"rendered":"https:\/\/eldiarioantillano.com\/uno\/?p=71905"},"modified":"2025-03-05T01:07:24","modified_gmt":"2025-03-05T05:07:24","slug":"asjana-casi-60-a-seguir-trabajando-como-el-primer-dia","status":"publish","type":"post","link":"https:\/\/eldiarioantillano.com\/uno\/2025\/03\/05\/asjana-casi-60-a-seguir-trabajando-como-el-primer-dia\/","title":{"rendered":"Asjana, casi 60%. \u00a1A seguir trabajando, como el primer d\u00eda!"},"content":{"rendered":"\n<p>Por <strong>Neo Carmona<\/strong><\/p>\n\n\n\n<p>Ayer, el ex rector de la Universidad Aut\u00f3noma de Santo Domingo (UASD), maestro Roberto Reyna Tejada, hizo p\u00fablicos los resultados de su Encuesta PASDAL con relaci\u00f3n a la preferencia del electorado universitario para ocupar la rector\u00eda de la academia. Y, como no pod\u00eda ser de otra manera, los n\u00fameros arrojados por esta no dejan lugar a dudas:<\/p>\n\n\n\n<ul class=\"wp-block-list\">\n<li>El doctor Jorge Asjana David es el pr\u00f3ximo rector de la Universidad Primada de Am\u00e9rica, con casi un 60% del apoyo de los miembros del Claustro Elector Universitario.<\/li>\n\n\n\n<li>El doctor Asjana no tiene competencias. A su m\u00e1s cercano contendor, le triplica. Y a todos juntos, les lleva casi 20 puntos porcentuales.<\/li>\n<\/ul>\n\n\n\n<p>La encuesta PASDAL no ha hecho m\u00e1s que confirmar lo que venimos demostrando en una campa\u00f1a sin precedentes. Para muestra, tres ejemplos concretos:<\/p>\n\n\n\n<ul class=\"wp-block-list\">\n<li>FIESTA DE FIN DE A\u00d1O DEL PROYECTO ASJANA RECTOR. El emblem\u00e1tico Sal\u00f3n Independencia del Ministerio de Defensa de la Rep\u00fablica Dominicana estaba solo reservado para fiestas de fin de a\u00f1o de cierre de campa\u00f1a, en elecciones totalmente polarizadas. Solo el doctor Jorge Asjana se atrevi\u00f3 a llenarlo hasta m\u00e1s no poder, a dos a\u00f1os de unas elecciones universitarias. A dos a\u00f1os, lea bien.\u00a0<\/li>\n\n\n\n<li>REUNI\u00d3N NACIONAL DE COORDINADORES DEL PROYECTO ASJANA RECTOR. Han pasado m\u00e1s de 20 a\u00f1os desde que el exrector Roberto Reyna Tejada pod\u00eda presumir, tal vez o sin tal vez, de ser el \u00fanico que pod\u00eda convocar un domingo, poco m\u00e1s de 200 personas afines a sus aspiraciones rectorales. La Asamblea Nacional del Proyecto Asjana Rector convoc\u00f3 a casi 600 coordinadores nacionales y un invitado internacional. Pero no solo eso, tambi\u00e9n se dieron cita los principales candidatos a vicerrectores, decanos, directores de escuela, recintos y centros universitarios. El escenario no pod\u00eda ser m\u00e1s revelador.<\/li>\n\n\n\n<li>VOTACI\u00d3N PARA MERIT\u00cdSIMO. Con una votaci\u00f3n hist\u00f3rica de m\u00e1s de 500 votos y un 90% del respaldo de la Asamblea Profesoral de la Facultad Ciencias de la Salud, el doctor Jorge Asjana David fue elegido Profesor Merit\u00edsimo por sus colegas profesores. Esta es una de las votaciones m\u00e1s alta registrada para este tipo de reconocimientos.\u00a0Y estoy siendo conservador.<\/li>\n<\/ul>\n\n\n\n<p>Este es el resultado del esfuerzo, del compromiso y de la visi\u00f3n clara de lo que queremos lograr. Pero a\u00fan no hemos terminado. Cada encuesta, cada encuentro, cada apoyo reafirma que estamos en el camino correcto, pero el verdadero triunfo llegar\u00e1 con el voto del Claustro.<\/p>\n\n\n\n<p>Ahora, m\u00e1s que nunca, no podemos bajar el ritmo. Sigamos trabajando con la misma entrega y pasi\u00f3n que nos ha tra\u00eddo hasta aqu\u00ed, porque este proyecto no es solo una candidatura: es el futuro de nuestra UASD.<\/p>\n\n\n\n<p>\u00a1Vamos con m\u00e1s fuerza, m\u00e1s unidos y con la certeza de que la victoria es nuestra!<\/p>\n\n\n\n<p>\u00a1Seguimos adelante, como el primer d\u00eda!<\/p>\n\n\n\n<p>#AsjanaYaEsRector<\/p>\n\n\n\n<p>El autor es servidor universitario<\/p>\n","protected":false},"excerpt":{"rendered":"<p>Por Neo Carmona Ayer, el ex rector de la Universidad Aut\u00f3noma de Santo Domingo (UASD),&hellip;<\/p>\n","protected":false},"author":2,"featured_media":71906,"comment_status":"open","ping_status":"open","sticky":false,"template":"","format":"standard","meta":{"footnotes":""},"categories":[55],"tags":[],"class_list":["post-71905","post","type-post","status-publish","format-standard","has-post-thumbnail","hentry","category-nacionales"],"_links":{"self":[{"href":"https:\/\/eldiarioantillano.com\/uno\/wp-json\/wp\/v2\/posts\/71905","targetHints":{"allow":["GET"]}}],"collection":[{"href":"https:\/\/eldiarioantillano.com\/uno\/wp-json\/wp\/v2\/posts"}],"about":[{"href":"https:\/\/eldiarioantillano.com\/uno\/wp-json\/wp\/v2\/types\/post"}],"author":[{"embeddable":true,"href":"https:\/\/eldiarioantillano.com\/uno\/wp-json\/wp\/v2\/users\/2"}],"replies":[{"embeddable":true,"href":"https:\/\/eldiarioantillano.com\/uno\/wp-json\/wp\/v2\/comments?post=71905"}],"version-history":[{"count":1,"href":"https:\/\/eldiarioantillano.com\/uno\/wp-json\/wp\/v2\/posts\/71905\/revisions"}],"predecessor-version":[{"id":71907,"href":"https:\/\/eldiarioantillano.com\/uno\/wp-json\/wp\/v2\/posts\/71905\/revisions\/71907"}],"wp:featuredmedia":[{"embeddable":true,"href":"https:\/\/eldiarioantillano.com\/uno\/wp-json\/wp\/v2\/media\/71906"}],"wp:attachment":[{"href":"https:\/\/eldiarioantillano.com\/uno\/wp-json\/wp\/v2\/media?parent=71905"}],"wp:term":[{"taxonomy":"category","embeddable":true,"href":"https:\/\/eldiarioantillano.com\/uno\/wp-json\/wp\/v2\/categories?post=71905"},{"taxonomy":"post_tag","embeddable":true,"href":"https:\/\/eldiarioantillano.com\/uno\/wp-json\/wp\/v2\/tags?post=71905"}],"curies":[{"name":"wp","href":"https:\/\/api.w.org\/{rel}","templated":true}]}}