{"id":71901,"date":"2025-03-05T00:57:54","date_gmt":"2025-03-05T04:57:54","guid":{"rendered":"https:\/\/eldiarioantillano.com\/uno\/?p=71901"},"modified":"2025-03-05T00:57:55","modified_gmt":"2025-03-05T04:57:55","slug":"celebraran-el-dia-de-la-mujer-en-la-gobernacion-de-montecristi","status":"publish","type":"post","link":"https:\/\/eldiarioantillano.com\/uno\/2025\/03\/05\/celebraran-el-dia-de-la-mujer-en-la-gobernacion-de-montecristi\/","title":{"rendered":"Celebrar\u00e1n el D\u00eda de la Mujer en la gobernaci\u00f3n de Montecristi"},"content":{"rendered":"\n<p>La actividad ser\u00e1 realizada este jueves seis de marzo desde las nueve de la ma\u00f1ana. Invitan las representantes del Ministerio de la Mujer y del Poder Ejecutivo.\u00a0<br><br><br><\/p>\n","protected":false},"excerpt":{"rendered":"<p>La actividad ser\u00e1 realizada este jueves seis de marzo desde las nueve de la ma\u00f1ana.&hellip;<\/p>\n","protected":false},"author":2,"featured_media":71895,"comment_status":"open","ping_status":"open","sticky":false,"template":"","format":"standard","meta":{"footnotes":""},"categories":[57],"tags":[],"class_list":["post-71901","post","type-post","status-publish","format-standard","has-post-thumbnail","hentry","category-montecristi"],"_links":{"self":[{"href":"https:\/\/eldiarioantillano.com\/uno\/wp-json\/wp\/v2\/posts\/71901","targetHints":{"allow":["GET"]}}],"collection":[{"href":"https:\/\/eldiarioantillano.com\/uno\/wp-json\/wp\/v2\/posts"}],"about":[{"href":"https:\/\/eldiarioantillano.com\/uno\/wp-json\/wp\/v2\/types\/post"}],"author":[{"embeddable":true,"href":"https:\/\/eldiarioantillano.com\/uno\/wp-json\/wp\/v2\/users\/2"}],"replies":[{"embeddable":true,"href":"https:\/\/eldiarioantillano.com\/uno\/wp-json\/wp\/v2\/comments?post=71901"}],"version-history":[{"count":1,"href":"https:\/\/eldiarioantillano.com\/uno\/wp-json\/wp\/v2\/posts\/71901\/revisions"}],"predecessor-version":[{"id":71902,"href":"https:\/\/eldiarioantillano.com\/uno\/wp-json\/wp\/v2\/posts\/71901\/revisions\/71902"}],"wp:featuredmedia":[{"embeddable":true,"href":"https:\/\/eldiarioantillano.com\/uno\/wp-json\/wp\/v2\/media\/71895"}],"wp:attachment":[{"href":"https:\/\/eldiarioantillano.com\/uno\/wp-json\/wp\/v2\/media?parent=71901"}],"wp:term":[{"taxonomy":"category","embeddable":true,"href":"https:\/\/eldiarioantillano.com\/uno\/wp-json\/wp\/v2\/categories?post=71901"},{"taxonomy":"post_tag","embeddable":true,"href":"https:\/\/eldiarioantillano.com\/uno\/wp-json\/wp\/v2\/tags?post=71901"}],"curies":[{"name":"wp","href":"https:\/\/api.w.org\/{rel}","templated":true}]}}