{"id":71899,"date":"2025-03-05T00:56:11","date_gmt":"2025-03-05T04:56:11","guid":{"rendered":"https:\/\/eldiarioantillano.com\/uno\/?p=71899"},"modified":"2025-03-05T00:56:12","modified_gmt":"2025-03-05T04:56:12","slug":"macron-suma-en-francia-apoyo-sobre-ucrania-pero-no-unanime","status":"publish","type":"post","link":"https:\/\/eldiarioantillano.com\/uno\/2025\/03\/05\/macron-suma-en-francia-apoyo-sobre-ucrania-pero-no-unanime\/","title":{"rendered":"Macron suma en Francia apoyo sobre Ucrania, pero no un\u00e1nime"},"content":{"rendered":"\n<p>Par\u00eds (Prensa Latina) La Asamblea Nacional de Francia celebr\u00f3 hoy un debate sobre la situaci\u00f3n en Ucrania en el que la visi\u00f3n frente al conflicto del presidente Emmanuel Macron sali\u00f3 fortalecida, aunque con algunas voces discordantes.<\/p>\n\n\n\n<p>El apoyo a Ucrania en tiempos en los que Estados Unidos toma distancia de Kiev y se acerca a Rusia, el rearme europeo y el papel de Europa en las eventuales negociaciones de paz, una opci\u00f3n que de momento Washington descarta, son posiciones defendidas por el mandatario que encontraron respaldo en el hemiciclo.<\/p>\n\n\n\n<p>Por descontado se daba que de su campo promovieran las ideas de Macron, y en ese sentido el primer ministro Fran\u00e7ois Bayrou habl\u00f3 ante los diputados de un escenario con una gravedad in\u00e9dita desde la Segunda Guerra Mundial, abogando por la independencia europea ante el cambio de postura estadounidense.<\/p>\n\n\n\n<p>A su juicio, la pol\u00edtica del presidente Donald Trump de negociar con Mosc\u00fa deja dos v\u00edctimas: \u201cla seguridad de Ucrania y la idea de la alianza con Estados Unidos\u201d.<\/p>\n\n\n\n<p>Por su parte, el jefe de la bancada oficialista en la Asamblea Nacional, Gabriel Attal, inst\u00f3 a Europa a tomar el futuro en sus manos sin avasallamiento y sin anteponer el dinero a la libertad, en alusi\u00f3n a las presiones de Trump para apoderarse de recursos estrat\u00e9gicos ucranianos.<\/p>\n\n\n\n<p>Desde la oposici\u00f3n, tanto los socialistas como los ecologistas esgrimieron, al igual que Macron, una alegada amenaza rusa en el viejo continente, pidieron mantener el apoyo a Ucrania y acompa\u00f1aron la cruzada para fortalecer la capacidad militar de la Uni\u00f3n Europea (UE).<\/p>\n\n\n\n<p>El l\u00edder de los socialistas en la c\u00e1mara baja, Boris Vallaud, fue m\u00e1s all\u00e1 de respaldar el env\u00edo de armas a Kiev, al se\u00f1alar que su partido favorecer\u00eda el despacho de tropas francesas hacia Ucrania si llegase la paz, en aras de garantizar su seguridad, una l\u00ednea roja ya advertida por Rusia.<\/p>\n\n\n\n<p>Sin embargo, en el hemiciclo no todo fue m\u00fasica para los o\u00eddos gubernamentales, y al respecto la diputada y m\u00e1xima dirigente de Agrupaci\u00f3n Nacional (extrema derecha), Marine Le Pen, subray\u00f3 que no existe una salida militar para el conflicto.<\/p>\n\n\n\n<p>Ucrania no puede ganarle a Rusia sin la entrada en la guerra de la OTAN, lo cual no es una opci\u00f3n, manifest\u00f3.<\/p>\n\n\n\n<p>Le Pen abog\u00f3 por apoyar a Kiev con realismo y prevalencia de los intereses nacionales y propuso organizar una conferencia de paz sin la participaci\u00f3n de instancias como la OTAN o la UE.<\/p>\n\n\n\n<p>Ma\u00f1ana el Senado, controlado por la derecha, realizar\u00e1 un debate similar, con una intervenci\u00f3n introductoria del primer ministro.<\/p>\n\n\n\n<p>oda\/wmr<\/p>\n","protected":false},"excerpt":{"rendered":"<p>Par\u00eds (Prensa Latina) La Asamblea Nacional de Francia celebr\u00f3 hoy un debate sobre la situaci\u00f3n&hellip;<\/p>\n","protected":false},"author":2,"featured_media":71896,"comment_status":"open","ping_status":"open","sticky":false,"template":"","format":"standard","meta":{"footnotes":""},"categories":[52,53],"tags":[],"class_list":["post-71899","post","type-post","status-publish","format-standard","has-post-thumbnail","hentry","category-internacionales","category-prensa-latina"],"_links":{"self":[{"href":"https:\/\/eldiarioantillano.com\/uno\/wp-json\/wp\/v2\/posts\/71899","targetHints":{"allow":["GET"]}}],"collection":[{"href":"https:\/\/eldiarioantillano.com\/uno\/wp-json\/wp\/v2\/posts"}],"about":[{"href":"https:\/\/eldiarioantillano.com\/uno\/wp-json\/wp\/v2\/types\/post"}],"author":[{"embeddable":true,"href":"https:\/\/eldiarioantillano.com\/uno\/wp-json\/wp\/v2\/users\/2"}],"replies":[{"embeddable":true,"href":"https:\/\/eldiarioantillano.com\/uno\/wp-json\/wp\/v2\/comments?post=71899"}],"version-history":[{"count":1,"href":"https:\/\/eldiarioantillano.com\/uno\/wp-json\/wp\/v2\/posts\/71899\/revisions"}],"predecessor-version":[{"id":71900,"href":"https:\/\/eldiarioantillano.com\/uno\/wp-json\/wp\/v2\/posts\/71899\/revisions\/71900"}],"wp:featuredmedia":[{"embeddable":true,"href":"https:\/\/eldiarioantillano.com\/uno\/wp-json\/wp\/v2\/media\/71896"}],"wp:attachment":[{"href":"https:\/\/eldiarioantillano.com\/uno\/wp-json\/wp\/v2\/media?parent=71899"}],"wp:term":[{"taxonomy":"category","embeddable":true,"href":"https:\/\/eldiarioantillano.com\/uno\/wp-json\/wp\/v2\/categories?post=71899"},{"taxonomy":"post_tag","embeddable":true,"href":"https:\/\/eldiarioantillano.com\/uno\/wp-json\/wp\/v2\/tags?post=71899"}],"curies":[{"name":"wp","href":"https:\/\/api.w.org\/{rel}","templated":true}]}}