{"id":71762,"date":"2025-02-25T02:20:18","date_gmt":"2025-02-25T06:20:18","guid":{"rendered":"https:\/\/eldiarioantillano.com\/uno\/?p=71762"},"modified":"2025-02-25T02:20:19","modified_gmt":"2025-02-25T06:20:19","slug":"realizaran-el-candlelight-concert-en-el-teatro-lope-de-vega-de-novocentro","status":"publish","type":"post","link":"https:\/\/eldiarioantillano.com\/uno\/2025\/02\/25\/realizaran-el-candlelight-concert-en-el-teatro-lope-de-vega-de-novocentro\/","title":{"rendered":"Realizar\u00e1n el Candlelight Concert en el Teatro Lope de Vega de Novocentro"},"content":{"rendered":"\n<p>Tocar\u00e1 la\u00a0 \u201cHispaniola Philharmonic\u201d con\u00a026 m\u00fasicos bajo la direcci\u00f3n de Jos\u00e9 Miguel Tav\u00e1rez Auz\u00f3n e interpretar\u00e1n melod\u00edas de todos los tiempos a la luz de las velas.\u00a0 El concierto ser\u00e1 este s\u00e1bado primero de marzo a las 8.30 de la noche.<\/p>\n","protected":false},"excerpt":{"rendered":"<p>Tocar\u00e1 la\u00a0 \u201cHispaniola Philharmonic\u201d con\u00a026 m\u00fasicos bajo la direcci\u00f3n de Jos\u00e9 Miguel Tav\u00e1rez Auz\u00f3n e&hellip;<\/p>\n","protected":false},"author":2,"featured_media":71760,"comment_status":"open","ping_status":"open","sticky":false,"template":"","format":"standard","meta":{"footnotes":""},"categories":[63],"tags":[],"class_list":["post-71762","post","type-post","status-publish","format-standard","has-post-thumbnail","hentry","category-cultura"],"_links":{"self":[{"href":"https:\/\/eldiarioantillano.com\/uno\/wp-json\/wp\/v2\/posts\/71762","targetHints":{"allow":["GET"]}}],"collection":[{"href":"https:\/\/eldiarioantillano.com\/uno\/wp-json\/wp\/v2\/posts"}],"about":[{"href":"https:\/\/eldiarioantillano.com\/uno\/wp-json\/wp\/v2\/types\/post"}],"author":[{"embeddable":true,"href":"https:\/\/eldiarioantillano.com\/uno\/wp-json\/wp\/v2\/users\/2"}],"replies":[{"embeddable":true,"href":"https:\/\/eldiarioantillano.com\/uno\/wp-json\/wp\/v2\/comments?post=71762"}],"version-history":[{"count":1,"href":"https:\/\/eldiarioantillano.com\/uno\/wp-json\/wp\/v2\/posts\/71762\/revisions"}],"predecessor-version":[{"id":71763,"href":"https:\/\/eldiarioantillano.com\/uno\/wp-json\/wp\/v2\/posts\/71762\/revisions\/71763"}],"wp:featuredmedia":[{"embeddable":true,"href":"https:\/\/eldiarioantillano.com\/uno\/wp-json\/wp\/v2\/media\/71760"}],"wp:attachment":[{"href":"https:\/\/eldiarioantillano.com\/uno\/wp-json\/wp\/v2\/media?parent=71762"}],"wp:term":[{"taxonomy":"category","embeddable":true,"href":"https:\/\/eldiarioantillano.com\/uno\/wp-json\/wp\/v2\/categories?post=71762"},{"taxonomy":"post_tag","embeddable":true,"href":"https:\/\/eldiarioantillano.com\/uno\/wp-json\/wp\/v2\/tags?post=71762"}],"curies":[{"name":"wp","href":"https:\/\/api.w.org\/{rel}","templated":true}]}}