{"id":71755,"date":"2025-02-25T01:56:40","date_gmt":"2025-02-25T05:56:40","guid":{"rendered":"https:\/\/eldiarioantillano.com\/uno\/?p=71755"},"modified":"2025-02-25T01:56:45","modified_gmt":"2025-02-25T05:56:45","slug":"mitrione-usaid-y-mas","status":"publish","type":"post","link":"https:\/\/eldiarioantillano.com\/uno\/2025\/02\/25\/mitrione-usaid-y-mas\/","title":{"rendered":"Mitrione, USAID y m\u00e1s"},"content":{"rendered":"\n<p>Por NARCISO ISA CONDE<\/p>\n\n\n<div class=\"wp-block-image is-style-rounded\">\n<figure class=\"alignright size-thumbnail\"><img decoding=\"async\" src=\"https:\/\/eldiarioantillano.com\/uno\/wp-content\/uploads\/2023\/10\/NarcisoIsaConde-150x150.jpg\" alt=\"\" class=\"wp-image-64149\"\/><figcaption class=\"wp-element-caption\">Narciso Isa Conde.<\/figcaption><\/figure>\n<\/div>\n\n\n<p>Va este recordatorio a quienes, defendi\u00e9ndose, o defendiendo a compa\u00f1eros\/as del sector comunicaci\u00f3n, se deslizan hacia la defensa de USAID; y va tambi\u00e9n a comunicadores, funcionarios e intelectuales que la han santificado.<\/p>\n\n\n\n<p>Su nombre original fue AID, hoy USAID, y fue creada en 1961 por el presidente John F. Kennedy, como instrumento de cooperaci\u00f3n para el desarrollo (en el contexto de la Alianza para el Progreso). Pero realmente fue concebida para agredir, intervenir y desestabilizar gobiernos soberanos o inclinados a resistirse al dominio de Washington, y cosas peores.<\/p>\n\n\n\n<p>Seg\u00fan informaciones desclasificadas, en el origen de AID particip\u00f3, en su sesi\u00f3n operaciones secretas, un alto oficial de la CIA, el italo-americano Dan Mitrione; a quien se le asign\u00f3 crear y dirigir una escuela de torturas, desapariciones y asesinatos.<\/p>\n\n\n\n<p>Mitrione estuvo aqu\u00ed por primera vez con la misi\u00f3n de orquestar el golpe contra Juan Bosch y la Constituci\u00f3n de 1963; y volvi\u00f3 a RD en 1965, con el seud\u00f3nimo Anthony Ruiz, para asesorar la Polic\u00eda y su SS, y dar inicio a la matanza de dirigentes de izquierda y combatientes constitucionalistas.<\/p>\n\n\n\n<p>Dirigi\u00f3 en 1970 -junto al tenebroso general P\u00e9rez y P\u00e9rez- la cacer\u00eda de dirigentes del MPD relacionados con el secuestro de Crowley, entre ellos asesinatos como los de Am\u00edn Abel, Maximiliano G\u00f3mez y Otto Morales; previamente asesor\u00f3 la dictadura militar boliviana y en 1967 particip\u00f3 en la captura y fusilamiento de Ernesto \u2013Che- Guevara en La Higuera.<\/p>\n\n\n\n<p>Mitrione impuls\u00f3 el golpe de Estado a Allende en Chile y organiz\u00f3 represiones de las dictaduras militares en el Cono Sur y Centroam\u00e9rica\u2026hasta que en Uruguay fue ajusticiado por los Tupamaros. \u00a1A su entierro asistieron Frank Sinatra y Jerry Lewis!<\/p>\n\n\n\n<p>Desde entonces hasta el presente, USAID ha sido factor activo en golpes de Estado, (duros y blandos), auspiciados por EE. UU. en nuestra Am\u00e9rica y dem\u00e1s continentes.<\/p>\n\n\n\n<p>Igual, ha activado m\u00faltiples guerras de baja y mediana intensidad, cuarta y quinta generaci\u00f3n (llamadas h\u00edbridas) contra Cuba, Nicaragua, Venezuela, Bolivia\u2026y ha coadyuvado con candidaturas de pol\u00edticos\/as y empresarios relacionados con la CIA, y usado de mampara proyectos de asistencia para financiar conspiraciones y aupar paramilitarismos y mafias pol\u00edticas tipo Guaid\u00f3-Urrutia.<\/p>\n\n\n\n<p>A USAID, Mitrione no le han faltado.<\/p>\n\n\n\n<p>En nota informativa, retirada de Internet, USAID confes\u00f3 que en el 2023 \u201cfinanci\u00f3 la formaci\u00f3n y el apoyo a 6.200 reporteros, asisti\u00f3 a 707 medios no estatales, respald\u00f3 a 279 organizaciones de la sociedad civil\u201d y destin\u00f3 \u201cayuda a medios de comunicaci\u00f3n y a su personal un total 268.376.000 d\u00f3lares\u201d.<br>\u00a1Ven Orlando!<\/p>\n","protected":false},"excerpt":{"rendered":"<p>Por NARCISO ISA CONDE Va este recordatorio a quienes, defendi\u00e9ndose, o defendiendo a compa\u00f1eros\/as del&hellip;<\/p>\n","protected":false},"author":2,"featured_media":64149,"comment_status":"open","ping_status":"open","sticky":false,"template":"","format":"standard","meta":{"footnotes":""},"categories":[55,77,51],"tags":[],"class_list":["post-71755","post","type-post","status-publish","format-standard","has-post-thumbnail","hentry","category-nacionales","category-narciso-isa-conde","category-opinion"],"_links":{"self":[{"href":"https:\/\/eldiarioantillano.com\/uno\/wp-json\/wp\/v2\/posts\/71755","targetHints":{"allow":["GET"]}}],"collection":[{"href":"https:\/\/eldiarioantillano.com\/uno\/wp-json\/wp\/v2\/posts"}],"about":[{"href":"https:\/\/eldiarioantillano.com\/uno\/wp-json\/wp\/v2\/types\/post"}],"author":[{"embeddable":true,"href":"https:\/\/eldiarioantillano.com\/uno\/wp-json\/wp\/v2\/users\/2"}],"replies":[{"embeddable":true,"href":"https:\/\/eldiarioantillano.com\/uno\/wp-json\/wp\/v2\/comments?post=71755"}],"version-history":[{"count":1,"href":"https:\/\/eldiarioantillano.com\/uno\/wp-json\/wp\/v2\/posts\/71755\/revisions"}],"predecessor-version":[{"id":71756,"href":"https:\/\/eldiarioantillano.com\/uno\/wp-json\/wp\/v2\/posts\/71755\/revisions\/71756"}],"wp:featuredmedia":[{"embeddable":true,"href":"https:\/\/eldiarioantillano.com\/uno\/wp-json\/wp\/v2\/media\/64149"}],"wp:attachment":[{"href":"https:\/\/eldiarioantillano.com\/uno\/wp-json\/wp\/v2\/media?parent=71755"}],"wp:term":[{"taxonomy":"category","embeddable":true,"href":"https:\/\/eldiarioantillano.com\/uno\/wp-json\/wp\/v2\/categories?post=71755"},{"taxonomy":"post_tag","embeddable":true,"href":"https:\/\/eldiarioantillano.com\/uno\/wp-json\/wp\/v2\/tags?post=71755"}],"curies":[{"name":"wp","href":"https:\/\/api.w.org\/{rel}","templated":true}]}}