{"id":71747,"date":"2025-02-24T00:59:00","date_gmt":"2025-02-24T04:59:00","guid":{"rendered":"https:\/\/eldiarioantillano.com\/uno\/?p=71747"},"modified":"2025-02-24T00:59:01","modified_gmt":"2025-02-24T04:59:01","slug":"agenda-de-trump-marca-pauta-en-semana-noticiosa-de-eeuu","status":"publish","type":"post","link":"https:\/\/eldiarioantillano.com\/uno\/2025\/02\/24\/agenda-de-trump-marca-pauta-en-semana-noticiosa-de-eeuu\/","title":{"rendered":"Agenda de Trump marca pauta en semana noticiosa de EEUU"},"content":{"rendered":"\n<p>Washington, (Prensa Latina) La agenda medi\u00e1tica de Estados Unidos en la semana que concluye la continu\u00f3 marcando, en su primer mes en el cargo, el presidente Donald Trump y sus \u00f3rdenes ejecutivas.<\/p>\n\n\n\n<p>Captaron la atenci\u00f3n de la prensa las movidas de Trump junto a Elon Musk, su designado al frente del Departamento de Eficiencia Gubernamental.<\/p>\n\n\n\n<p>El ocupante del Despacho Oval lanz\u00f3 a trav\u00e9s de su red Truth Social que desped\u00eda a los fiscales nombrados por Joe Biden durante en su periodo en el cargo (2021-2025), porque en \u00ablos \u00faltimos cuatro a\u00f1os, el Departamento de Justicia ha sido politizado como nunca antes\u00bb.<\/p>\n\n\n\n<p>Por lo tanto -dijo-, \u201che ordenado el cese de TODOS los fiscales estadounidenses de la \u2018era Biden\u2019 que quedan\u00bb.<\/p>\n\n\n\n<p>\u00abDebemos \u2018limpiar la casa\u2019 INMEDIATAMENTE, y restaurar la confianza\u00bb, agreg\u00f3 el mandatario al insistir que \u00abla Edad de Oro de Estados Unidos debe tener un Sistema de Justicia justo: \u00a1ESTO COMIENZA HOY!\u00bb.<\/p>\n\n\n\n<p>Aunque en este pa\u00eds es una pr\u00e1ctica habitual que un presidente entrante reemplace a los fiscales federales designados por la administraci\u00f3n anterior, las expresiones del ocupante del Despacho Oval no pasan inadvertidas.<\/p>\n\n\n\n<p>A nivel nacional hay 93 fiscales, uno por cada uno de sus 94 distritos judiciales federales y varios de ellos fueron designados bajo la administraci\u00f3n del dem\u00f3crata.<\/p>\n\n\n\n<p>Pero ante el triunfo electoral de Trump el pasado 5 de noviembre ya hab\u00eda comenzado la racha de renuncias antes de que los sustituyeran.<\/p>\n\n\n\n<p>El Departamento de Justicia, al que el presidente acus\u00f3 de persecuci\u00f3n pol\u00edtica sacudi\u00f3 la mata, como se dice popularmente hablando, y desde el 20 de enero en que Trump asumi\u00f3 su segundo mandato junto con la \u201creorganizaci\u00f3n\u201d vinieron los despidos.<\/p>\n\n\n\n<p>Entre los que cayeron hay miembros de la oficina del fiscal especial Jack Smith, que present\u00f3 dos causas penales contra Trump que fueron archivadas. Smith present\u00f3 su dimisi\u00f3n antes de la toma de posesi\u00f3n del republicano.<\/p>\n\n\n\n<p>Un art\u00edculo publicado el mes pasado en el diario The New York Times record\u00f3 que Trump prometi\u00f3 en ocasiones utilizar los amplios poderes de su cargo para buscar venganza de pol\u00edticos y funcionarios que, seg\u00fan \u00e9l, lo agraviaron.<\/p>\n\n\n\n<p>Tambi\u00e9n acapar\u00f3 titulares la confirmaci\u00f3n en el Senado de Estados Unidos de Kash Patel, un aliado clave del actual mandatario, como director del FBI.<\/p>\n\n\n\n<p>La prueba la pas\u00f3 Patel en medio de las advertencias de los dem\u00f3cratas que los enemigos pol\u00edticos, de acuerdo con el rasero del mandatario, podr\u00edan verse afectados en esta nueva etapa de la agencia federal.<\/p>\n\n\n\n<p>Otra noticia de impacto fue la Conferencia de Acci\u00f3n Pol\u00edtica Conservadora que comenz\u00f3 el jueves y termina este s\u00e1bado, donde se dieron cita figuras del mundo de la derecha y participaron invitados como el presidente de Argentina, Javier Milei. La aparici\u00f3n de Musk en la reuni\u00f3n subray\u00f3 su creciente poder en Washington.<\/p>\n\n\n\n<p>oda\/dfm<\/p>\n","protected":false},"excerpt":{"rendered":"<p>Washington, (Prensa Latina) La agenda medi\u00e1tica de Estados Unidos en la semana que concluye la&hellip;<\/p>\n","protected":false},"author":2,"featured_media":68022,"comment_status":"open","ping_status":"open","sticky":false,"template":"","format":"standard","meta":{"footnotes":""},"categories":[52,53],"tags":[],"class_list":["post-71747","post","type-post","status-publish","format-standard","has-post-thumbnail","hentry","category-internacionales","category-prensa-latina"],"_links":{"self":[{"href":"https:\/\/eldiarioantillano.com\/uno\/wp-json\/wp\/v2\/posts\/71747","targetHints":{"allow":["GET"]}}],"collection":[{"href":"https:\/\/eldiarioantillano.com\/uno\/wp-json\/wp\/v2\/posts"}],"about":[{"href":"https:\/\/eldiarioantillano.com\/uno\/wp-json\/wp\/v2\/types\/post"}],"author":[{"embeddable":true,"href":"https:\/\/eldiarioantillano.com\/uno\/wp-json\/wp\/v2\/users\/2"}],"replies":[{"embeddable":true,"href":"https:\/\/eldiarioantillano.com\/uno\/wp-json\/wp\/v2\/comments?post=71747"}],"version-history":[{"count":1,"href":"https:\/\/eldiarioantillano.com\/uno\/wp-json\/wp\/v2\/posts\/71747\/revisions"}],"predecessor-version":[{"id":71748,"href":"https:\/\/eldiarioantillano.com\/uno\/wp-json\/wp\/v2\/posts\/71747\/revisions\/71748"}],"wp:featuredmedia":[{"embeddable":true,"href":"https:\/\/eldiarioantillano.com\/uno\/wp-json\/wp\/v2\/media\/68022"}],"wp:attachment":[{"href":"https:\/\/eldiarioantillano.com\/uno\/wp-json\/wp\/v2\/media?parent=71747"}],"wp:term":[{"taxonomy":"category","embeddable":true,"href":"https:\/\/eldiarioantillano.com\/uno\/wp-json\/wp\/v2\/categories?post=71747"},{"taxonomy":"post_tag","embeddable":true,"href":"https:\/\/eldiarioantillano.com\/uno\/wp-json\/wp\/v2\/tags?post=71747"}],"curies":[{"name":"wp","href":"https:\/\/api.w.org\/{rel}","templated":true}]}}