{"id":71742,"date":"2025-02-24T00:51:22","date_gmt":"2025-02-24T04:51:22","guid":{"rendered":"https:\/\/eldiarioantillano.com\/uno\/?p=71742"},"modified":"2025-02-24T01:09:04","modified_gmt":"2025-02-24T05:09:04","slug":"dinamicas-de-prensa-y-propaganda-en-1j4","status":"publish","type":"post","link":"https:\/\/eldiarioantillano.com\/uno\/2025\/02\/24\/dinamicas-de-prensa-y-propaganda-en-1j4\/","title":{"rendered":"Din\u00e1micas de Prensa y Propaganda en 1J4"},"content":{"rendered":"\n<p>ART\u00cdCULO INVITADO<\/p>\n\n\n\n<p>Por Amaurys P\u00e9rez Vargas<\/p>\n\n\n\n<p>La&nbsp;<strong>Secretar\u00eda de Prensa y Propaganda<\/strong>&nbsp;funcion\u00f3 como un espacio de intensa actividad y coordinaci\u00f3n estrat\u00e9gica. En su seno, militantes y simpatizantes colaboraron en la producci\u00f3n y distribuci\u00f3n de mensajes, utilizando diversas herramientas de comunicaci\u00f3n. En un art\u00edculo publicado en el a\u00f1o 2010, el militante catorcista&nbsp;<strong>Ra\u00fal P\u00e9rez Pe\u00f1a<\/strong>&nbsp;se\u00f1al\u00f3 que \u201ctanto en el plano nacional como en el universitario, se extendi\u00f3 el uso del mime\u00f3grafo, de tinta y alcohol, como el de la propaganda en las paredes. Hay mucha historia, pre\u00f1ada de an\u00e9cdotas, sobre la confecci\u00f3n y distribuci\u00f3n de propaganda pol\u00edtica impresa en mime\u00f3grafo\u201d.<\/p>\n\n\n\n<p>De acuerdo con el testimonio de Bacho, la Secretar\u00eda trabaj\u00f3 en estrecha coordinaci\u00f3n con otras estructuras del partido ya que se establecieron canales de comunicaci\u00f3n con sindicatos, organizaciones estudiantiles y grupos campesinos para asegurar que el mensaje llegara a todos los sectores de la sociedad pues en el espacio de trabajo \u201cera frecuente ver paquetes del material que aguardaba ser sacado del taller para su env\u00edo a su destino de reparto: actividades pol\u00edticas, estudiantiles, o comit\u00e9s y organismos de distintos sectores, dentro de los que cabe recordar los de frente sindical\u201d.<\/p>\n\n\n\n<p>En ese orden, P\u00e9rez Pe\u00f1a resalta que \u201clos documentos y panfletos en papel bond manten\u00edan por m\u00e1s de un d\u00eda su fuerte olor a tinta o alcohol\u201d, los cuales se encontraban en los improvisados \u201ctalleres de impresi\u00f3n\u201d en donde \u201csub\u00eda la incidencia del olor a tinta en un ambiente matizado por manchas negras del denso l\u00edquido\u201d. Otro aspecto central en las actividades de la Secretar\u00eda de Prensa y Propaganda fue la distribuci\u00f3n del peri\u00f3dico El 1J4, el cual se distribu\u00eda en mercados, sindicatos, universidades y en diferentes barrios populares del pa\u00eds.<\/p>\n\n\n\n<p>El proceso de distribuci\u00f3n era riesgoso pues requer\u00eda de una red bien organizada de militantes que, en muchas ocasiones, transportaban los peri\u00f3dicos ocultos entre mercanc\u00edas o documentos personales para evitar su detecci\u00f3n. Siguiendo el relato de&nbsp;<strong>Fidelio Despradel&nbsp;<\/strong>\u201cel peri\u00f3dico era distribuido por una gran cantidad de osados j\u00f3venes, que con el peri\u00f3dico disimulado en un paquete bajo el brazo, esquivaban a los \u201cpaleros\u201d, a quienes les aterrorizaba la salida de aquel combativo instrumento que encend\u00eda los crecientes sentimientos antitrujillistas de la juventud, la cual despertaba a la vida pol\u00edtica, y el firme contingente de veteranos de la lucha contra la tiran\u00eda, que ve\u00edan en la juventud que se tiraba a la calle, la materia prima de los cambios con los que todos so\u00f1\u00e1bamos en aquellos instantes\u201d.<\/p>\n\n\n\n<p>As\u00ed pues, las interacciones entre sus miembros eran constantes, combinando planificaci\u00f3n t\u00e1ctica con acciones directas para difundir la causa revolucionaria. En ese sentido, merece particular reconocimiento, el trabajo del inolvidable Tony Barreiro, quien, seg\u00fan Fidelio Despradel, \u201cera la figura principal dentro del andamiaje de la administraci\u00f3n y distribuci\u00f3n del peri\u00f3dico 1J4, que en aquellos d\u00edas sal\u00eda dos veces a la semana, con tiradas que superaban los 50,000 ejemplares y que era impreso en la clandestinidad, en varias imprentas a la vez (Un pliego en cada una de ellas), para luego ser compaginados en un espacio lejos de la mirada de los paleros y agentes secretos\u201d.<\/p>\n\n\n\n<p>Otra figura importante, fue&nbsp;<strong>Francisco Xabier \u201cPichi\u201d Mella<\/strong>, quien, junto a Barreiro, confeccion\u00f3 una especie de \u201carma blanca\u201d con la que \u201cd\u00eda por d\u00eda se trasladaba con uno o dos miembros del equipo del 1J4, desde el local en la calle El Conde a su casa materna, en la calle Arzobispo Meri\u00f1o, frente a donde se encuentra hoy Casa de Teatro, con esa arma en una mano y un malet\u00edn en la otra, conteniendo el dinero que le entregaban las decenas y centenares de distribuidores del peri\u00f3dico 1J4, y algunos papeles con recibos y otros menesteres\u201d. Ciertamente, la moral y la \u00e9tica revolucionaria constituyeron la base del trabajo honesto que inspiraba a los militantes a servir desinteresadamente al pueblo.<\/p>\n\n\n\n<p>La propaganda visual era una de las t\u00e1cticas m\u00e1s efectivas para difundir mensajes revolucionarios. Al respecto, en la memoria de Bacho siempre estuvieron presentes los \u201crecuerdos del uso de la \u201cbomba de flit\u201d, que tanto usamos en el Movimiento Revolucionario 14 de Junio. La \u201cbomba de flit\u201d se usaba sobre la superficie de la \u201cplancha de hojalata\u201d, colocada verticalmente en paredes de arterias viales de alta visibilidad en el barrio o ante el desplazamiento vehicular. Las consignas divulgadas eran muy breve texto por el dif\u00edcil manejo del letrero. Citar\u00e9 solo una de las consignas que divulgamos profusamente: \u201cEl 1J4 ten\u00eda raz\u00f3n\u201d.<\/p>\n\n\n\n<p>No menos importantes fueron los dise\u00f1os de materiales gr\u00e1ficos con consignas llamativas, los cuales fueron elaborados con el prop\u00f3sito de alertar al pueblo dominicano y movilizarlo hacia la lucha. Miles de afiches y letreros se desplegaron por todo el pa\u00eds en espacios p\u00fablicos y lugares estrat\u00e9gicos a los fines de captar la atenci\u00f3n de la poblaci\u00f3n tal como lo expone Rafael Chaljub Mej\u00eda en su libro La guerrilla del decoro donde comenta sobre la abundante y combativa propaganda que los compa\u00f1eros de la regi\u00f3n noreste hab\u00edan realizado contra las amenazas del golpe al gobierno del Prof. Juan Bosch \u201cen postes del tendido el\u00e9ctrico, paredes, troncos de \u00e1rboles, puentes, alcantarillas, estaban las consignas llamando a la resistencia contra el cuartelazo: \u201cUnidad frente al golpe\u2026 Contra el golpe militar, huelga general\u201d, eran algunas de ellas\u201d.<\/p>\n\n\n\n<p>Reproducido de www.hoy.com.do<\/p>\n","protected":false},"excerpt":{"rendered":"<p>ART\u00cdCULO INVITADO Por Amaurys P\u00e9rez Vargas La&nbsp;Secretar\u00eda de Prensa y Propaganda&nbsp;funcion\u00f3 como un espacio de&hellip;<\/p>\n","protected":false},"author":2,"featured_media":71743,"comment_status":"open","ping_status":"open","sticky":false,"template":"","format":"standard","meta":{"footnotes":""},"categories":[66,55],"tags":[],"class_list":["post-71742","post","type-post","status-publish","format-standard","has-post-thumbnail","hentry","category-articulo-invitado","category-nacionales"],"_links":{"self":[{"href":"https:\/\/eldiarioantillano.com\/uno\/wp-json\/wp\/v2\/posts\/71742","targetHints":{"allow":["GET"]}}],"collection":[{"href":"https:\/\/eldiarioantillano.com\/uno\/wp-json\/wp\/v2\/posts"}],"about":[{"href":"https:\/\/eldiarioantillano.com\/uno\/wp-json\/wp\/v2\/types\/post"}],"author":[{"embeddable":true,"href":"https:\/\/eldiarioantillano.com\/uno\/wp-json\/wp\/v2\/users\/2"}],"replies":[{"embeddable":true,"href":"https:\/\/eldiarioantillano.com\/uno\/wp-json\/wp\/v2\/comments?post=71742"}],"version-history":[{"count":2,"href":"https:\/\/eldiarioantillano.com\/uno\/wp-json\/wp\/v2\/posts\/71742\/revisions"}],"predecessor-version":[{"id":71752,"href":"https:\/\/eldiarioantillano.com\/uno\/wp-json\/wp\/v2\/posts\/71742\/revisions\/71752"}],"wp:featuredmedia":[{"embeddable":true,"href":"https:\/\/eldiarioantillano.com\/uno\/wp-json\/wp\/v2\/media\/71743"}],"wp:attachment":[{"href":"https:\/\/eldiarioantillano.com\/uno\/wp-json\/wp\/v2\/media?parent=71742"}],"wp:term":[{"taxonomy":"category","embeddable":true,"href":"https:\/\/eldiarioantillano.com\/uno\/wp-json\/wp\/v2\/categories?post=71742"},{"taxonomy":"post_tag","embeddable":true,"href":"https:\/\/eldiarioantillano.com\/uno\/wp-json\/wp\/v2\/tags?post=71742"}],"curies":[{"name":"wp","href":"https:\/\/api.w.org\/{rel}","templated":true}]}}