{"id":71644,"date":"2025-02-18T00:02:44","date_gmt":"2025-02-18T04:02:44","guid":{"rendered":"https:\/\/eldiarioantillano.com\/uno\/?p=71644"},"modified":"2025-02-18T00:02:47","modified_gmt":"2025-02-18T04:02:47","slug":"politecnico-maximo-gomez-en-bani-una-obra-de-la-solidaridad-de-cuba","status":"publish","type":"post","link":"https:\/\/eldiarioantillano.com\/uno\/2025\/02\/18\/politecnico-maximo-gomez-en-bani-una-obra-de-la-solidaridad-de-cuba\/","title":{"rendered":"Polit\u00e9cnico M\u00e1ximo G\u00f3mez en Ban\u00ed: una obra de la solidaridad de Cuba"},"content":{"rendered":"\n<p>Por Mariela P\u00e9rez Valenzuela<br>Corresponsal jefa de Prensa Latina en Rep\u00fablica Dominicana<\/p>\n\n\n\n<p>Ban\u00ed, Rep\u00fablica Dominicana (Prensa Latina) Mucho m\u00e1s que una obra de la solidaridad del Gobierno y el pueblo cubanos con la Rep\u00fablica Dominicana es el Polit\u00e9cnico M\u00e1ximo G\u00f3mez, el que habla del fraternal cari\u00f1o existente desde hace siglos entre estos dos pa\u00edses hermanados por el Caribe.<\/p>\n\n\n\n<p>El 14 de febrero, ese centro de ense\u00f1anza cumpli\u00f3 25 a\u00f1os de fundado con el m\u00e9rito de haber graduado a dos mil 841 estudiantes que ahora -y lo seguir\u00e1n haciendo- encuentran una posibilidad de desarrollo personal y de mejoras en su calidad de vida como ciudadanos.<\/p>\n\n\n\n<p>Los de mayor edad, y tambi\u00e9n los j\u00f3venes, recuerdan c\u00f3mo el l\u00edder hist\u00f3rico de la Revoluci\u00f3n Cubana, Fidel Castro, con esa visi\u00f3n que le caracterizaba, tom\u00f3 la decisi\u00f3n de construir el centro de estudios en Ban\u00ed, capital de la provincia Peravia.<\/p>\n\n\n\n<p>La idea surgi\u00f3 en Fidel durante la visita que realiz\u00f3 a este pa\u00eds en 1998, invitado por el entonces presidente Leonel Fern\u00e1ndez, y conoci\u00f3 Ban\u00ed, cuna del General\u00edsimo M\u00e1ximo G\u00f3mez, un dominicano considerado uno de los grandes estrategas de las guerras de independencia de Cuba.<\/p>\n\n\n\n<p>Para el l\u00edder cubano, estar en la cuna del General\u00edsimo y recorrer el lugar que ocupara la casa natal de G\u00f3mez, fue reencontrarse con una de las ra\u00edces de la Cuba a la que \u00e9l, d\u00e9cadas despu\u00e9s, defendi\u00f3 del neocolonialismo impuesto por Estados Unidos, luego del triunfo del Ej\u00e9rcito Libertador, del cual el dominicano fue uno de los jefes de m\u00e1s alto rango.<\/p>\n\n\n\n<p>Se trata de una r\u00e9plica de la vivienda donde naci\u00f3 el patriota, construida en madera, con piso de tierra y techo de guano, pintada de distintos tonos de azul, como el cielo de la tierra que sin ser suya am\u00f3 tanto como a la propia.<\/p>\n\n\n\n<p>Con la edificaci\u00f3n, Fidel realiz\u00f3 el sue\u00f1o del General\u00edsimo, quien en su Diario de Campa\u00f1a plasm\u00f3 el deseo de construir en Ban\u00ed un centro educativo para la formaci\u00f3n de j\u00f3venes.<\/p>\n\n\n\n<p>Los cerca de 500 estudiantes, junto a directivos y profesores, celebraron este a\u00f1o, como acostumbran a hacerlo por amor y amistad con la vecina isla, el aniversario de esta instituci\u00f3n.<\/p>\n\n\n\n<p>Para ellos, j\u00f3venes dominicanos, y para los cubanos, este plantel simboliza las relaciones hist\u00f3ricas de los dos pa\u00edses.<\/p>\n\n\n\n<p>Por eso hasta Ban\u00ed, a unos 80 kil\u00f3metros de Santo Domingo, viaj\u00f3 el embajador de Cuba en Rep\u00fablica Dominicana, \u00c1ngel Arzuaga, representantes de la misi\u00f3n estatal y amigos de la solidaridad. Una visita que siempre reconforta, que anima el esp\u00edritu y las ganas de hacer por el bien de las dos naciones.<\/p>\n\n\n\n<p>Tambi\u00e9n asisti\u00f3 Yv\u00e1n Pe\u00f1a, presidente de la Fundaci\u00f3n M\u00e1ximo G\u00f3mez, alguien que se considera afortunado porque tuvo la oportunidad de estar al lado de Fidel en dos ocasiones, una de ellas en especial, el 23 de agosto de 1998, cuando el estadista visit\u00f3 Ban\u00ed y \u00e9l era gobernador de la provincia.<\/p>\n\n\n\n<p>Con un acto solemne que inici\u00f3 justo a las 08:00, hora local, cuando se escucharon las estrofas vibrantes de los himnos nacionales y se izaron las banderas de los dos pa\u00edses, concluy\u00f3 una jornada de homenaje a G\u00f3mez y a Fidel Castro, el D\u00eda del Amor.<\/p>\n\n\n\n<p>Siempre que se visita el Polit\u00e9cnico hay agradables sorpresas. El encuentro de este a\u00f1o fue propicio para rememorar la historia del Polit\u00e9cnico, homenajear a su primer director, el ingeniero Luis Melo, as\u00ed como a otros docentes, algunos de ellos fundadores y otros que estudiaron en la instituci\u00f3n y hoy son profesores.<\/p>\n\n\n\n<p>La formaci\u00f3n de j\u00f3venes en las especialidades de Inform\u00e1tica, Industria de los Alimentos, y Mercadeo y Contabilidad, constituye la raz\u00f3n primordial de la escuela, afirm\u00f3 a Prensa Latina Santos Araujo, su subdirector docente, quien acompa\u00f1\u00f3 a este medio en un recorrido por los diferentes laboratorios.<\/p>\n\n\n\n<p>Araujo precis\u00f3 que, al graduarse, los j\u00f3venes est\u00e1n capacitados para iniciar su vida laboral o proseguir estudios superiores.<\/p>\n\n\n\n<p>Afirm\u00f3 que \u201cla esencia de la escuela son sus alumnos\u201d, a la vez que ponder\u00f3 el trabajo de los profesores y el personal administrativo.<\/p>\n\n\n\n<p>De su lado, Cristina Arias, directora del Polit\u00e9cnico, transmiti\u00f3 la gratitud de los banilejos con la isla caribe\u00f1a por su solidaridad con la Rep\u00fablica Dominicana, en presencia de Jos\u00e9 Canario, director encargado de la divisi\u00f3n pedag\u00f3gica del Ministerio dominicano de Educaci\u00f3n.<\/p>\n\n\n\n<p>Mientras, el embajador \u00c1ngel Arzuaga destac\u00f3 que el Polit\u00e9cnico M\u00e1ximo G\u00f3mez es un regalo de Cuba, de Fidel y de su pueblo a M\u00e1ximo G\u00f3mez, uno de los m\u00e1s ilustres hombres de Am\u00e9rica, y al pueblo de Ban\u00ed.<\/p>\n\n\n\n<p>Se\u00f1al\u00f3 que los profesores que estudiaron en el centro y hoy se dedican a la noble misi\u00f3n de ense\u00f1ar simbolizan las ideas del H\u00e9roe Nacional cubano, Jos\u00e9 Mart\u00ed, quien expres\u00f3: \u201cAl venir a la tierra, todo hombre tiene derecho a que se le eduque, y despu\u00e9s, en pago, el deber de contribuir a la educaci\u00f3n de los dem\u00e1s\u201d.<\/p>\n\n\n\n<figure class=\"wp-block-image size-full\"><img fetchpriority=\"high\" decoding=\"async\" width=\"1020\" height=\"718\" src=\"https:\/\/eldiarioantillano.com\/uno\/wp-content\/uploads\/2025\/02\/foto3.jpg\" alt=\"\" class=\"wp-image-71645\" srcset=\"https:\/\/eldiarioantillano.com\/uno\/wp-content\/uploads\/2025\/02\/foto3.jpg 1020w, https:\/\/eldiarioantillano.com\/uno\/wp-content\/uploads\/2025\/02\/foto3-300x211.jpg 300w, https:\/\/eldiarioantillano.com\/uno\/wp-content\/uploads\/2025\/02\/foto3-768x541.jpg 768w, https:\/\/eldiarioantillano.com\/uno\/wp-content\/uploads\/2025\/02\/foto3-585x412.jpg 585w\" sizes=\"(max-width: 1020px) 100vw, 1020px\" \/><\/figure>\n\n\n\n<p>Asimismo, transmiti\u00f3 un saludo a los banilejos del presidente Miguel D\u00edaz-Canel y de la ministra de Educaci\u00f3n Naima Trujillo, y entreg\u00f3 una bandera de su pa\u00eds y una placa de reconocimiento a la escuela en nombre de la embajada, de la Asociaci\u00f3n M\u00e1ximo G\u00f3mez de Cubanos Residentes y de la Campa\u00f1a Dominicana de Solidaridad con la isla.<\/p>\n\n\n\n<figure class=\"wp-block-image size-full\"><img decoding=\"async\" width=\"1020\" height=\"665\" src=\"https:\/\/eldiarioantillano.com\/uno\/wp-content\/uploads\/2025\/02\/foto4.jpg\" alt=\"\" class=\"wp-image-71646\" srcset=\"https:\/\/eldiarioantillano.com\/uno\/wp-content\/uploads\/2025\/02\/foto4.jpg 1020w, https:\/\/eldiarioantillano.com\/uno\/wp-content\/uploads\/2025\/02\/foto4-300x196.jpg 300w, https:\/\/eldiarioantillano.com\/uno\/wp-content\/uploads\/2025\/02\/foto4-768x501.jpg 768w, https:\/\/eldiarioantillano.com\/uno\/wp-content\/uploads\/2025\/02\/foto4-585x381.jpg 585w\" sizes=\"(max-width: 1020px) 100vw, 1020px\" \/><\/figure>\n\n\n\n<p>El festejo de dominicanos y cubanos fue amenizado con canciones, bailes y sinceras palabras.<\/p>\n\n\n\n<p>Juntos, como si se tratara de un solo pueblo hermanado por el mar y la historia, colocaron una ofrenda floral ante el busto erigido en honor del General\u00edsimo, pr\u00f3ximo al lugar donde naci\u00f3 en Ban\u00ed y que es considerado un emblema del patriotismo del gran dominicano.<\/p>\n\n\n\n<p>arb\/mpv<\/p>\n","protected":false},"excerpt":{"rendered":"<p>Por Mariela P\u00e9rez ValenzuelaCorresponsal jefa de Prensa Latina en Rep\u00fablica Dominicana Ban\u00ed, Rep\u00fablica Dominicana (Prensa&hellip;<\/p>\n","protected":false},"author":2,"featured_media":71647,"comment_status":"open","ping_status":"open","sticky":false,"template":"","format":"standard","meta":{"footnotes":""},"categories":[55,53],"tags":[],"class_list":["post-71644","post","type-post","status-publish","format-standard","has-post-thumbnail","hentry","category-nacionales","category-prensa-latina"],"_links":{"self":[{"href":"https:\/\/eldiarioantillano.com\/uno\/wp-json\/wp\/v2\/posts\/71644","targetHints":{"allow":["GET"]}}],"collection":[{"href":"https:\/\/eldiarioantillano.com\/uno\/wp-json\/wp\/v2\/posts"}],"about":[{"href":"https:\/\/eldiarioantillano.com\/uno\/wp-json\/wp\/v2\/types\/post"}],"author":[{"embeddable":true,"href":"https:\/\/eldiarioantillano.com\/uno\/wp-json\/wp\/v2\/users\/2"}],"replies":[{"embeddable":true,"href":"https:\/\/eldiarioantillano.com\/uno\/wp-json\/wp\/v2\/comments?post=71644"}],"version-history":[{"count":1,"href":"https:\/\/eldiarioantillano.com\/uno\/wp-json\/wp\/v2\/posts\/71644\/revisions"}],"predecessor-version":[{"id":71648,"href":"https:\/\/eldiarioantillano.com\/uno\/wp-json\/wp\/v2\/posts\/71644\/revisions\/71648"}],"wp:featuredmedia":[{"embeddable":true,"href":"https:\/\/eldiarioantillano.com\/uno\/wp-json\/wp\/v2\/media\/71647"}],"wp:attachment":[{"href":"https:\/\/eldiarioantillano.com\/uno\/wp-json\/wp\/v2\/media?parent=71644"}],"wp:term":[{"taxonomy":"category","embeddable":true,"href":"https:\/\/eldiarioantillano.com\/uno\/wp-json\/wp\/v2\/categories?post=71644"},{"taxonomy":"post_tag","embeddable":true,"href":"https:\/\/eldiarioantillano.com\/uno\/wp-json\/wp\/v2\/tags?post=71644"}],"curies":[{"name":"wp","href":"https:\/\/api.w.org\/{rel}","templated":true}]}}