{"id":71642,"date":"2025-02-18T00:00:00","date_gmt":"2025-02-18T04:00:00","guid":{"rendered":"https:\/\/eldiarioantillano.com\/uno\/?p=71642"},"modified":"2025-02-18T11:30:15","modified_gmt":"2025-02-18T15:30:15","slug":"catalejo-usaid-y-fake-news","status":"publish","type":"post","link":"https:\/\/eldiarioantillano.com\/uno\/2025\/02\/18\/catalejo-usaid-y-fake-news\/","title":{"rendered":"CATALEJO: USAID y \u00abfake news\u00bb"},"content":{"rendered":"\n<p>Por ANULFO MATEO PEREZ<\/p>\n\n\n<div class=\"wp-block-image is-style-rounded\">\n<figure class=\"alignright size-thumbnail\"><img decoding=\"async\" width=\"150\" height=\"150\" src=\"https:\/\/eldiarioantillano.com\/uno\/wp-content\/uploads\/2023\/12\/Anulfo-Mateo-Perez-catalejo-columna-780x470-1-e1704860213105-150x150.jpg\" alt=\"\" class=\"wp-image-64779\"\/><figcaption class=\"wp-element-caption\">Anulfo Mateo P\u00e9rez<\/figcaption><\/figure>\n<\/div>\n\n\n<p>La intervenci\u00f3n de la USAID, ordenada por el presidente Donald Trump y puesta bajo las \u00f3rdenes del secretario de Estado, Marco Rubio, es el reflejo de las contradicciones en la cima del imperio. Pero, adem\u00e1s, de la lucha por el poder permanente entre sectores republicanos y dem\u00f3cratas.<\/p>\n\n\n\n<p>Esas diferencias de poco rango, pero significativas, se han irradiado a nivel global, visiblemente expresadas en el cambio de pol\u00edtica hacia Rusia, China y menos notorias en Am\u00e9rica Latina, particularmente en el Caribe.<\/p>\n\n\n\n<p>De modo que, el \u201calboroto\u201d armado, respecto a las acusaciones contra conocidos periodistas del pa\u00eds, tiene su origen en ciertas diferencias respecto a las pol\u00edticas desarrolladas por la USAID a nivel global.<\/p>\n\n\n\n<p>Se podr\u00eda afirmar que, en Participaci\u00f3n Ciudadana, no est\u00e1n todos los que son, ni son todos los que est\u00e1n al corriente de esos planes globales, puestos en marcha por la USAID contra pa\u00edses dependientes y \u201cadversarios\u201d.<\/p>\n\n\n\n<p>\u201cEl alboroto\u201d inicial se ha convertido en una lucha entre los sectores m\u00e1s conservadores de la sociedad y el pueblo empoderado en la Marcha Verde (llamada por sus detractores como \u201cMancha Verde\u201d).<\/p>\n\n\n\n<p>Esas acusaciones formuladas por pseudoperiodistas&nbsp;y bots en las redes sociales tienen el prop\u00f3sito de hacer creer que la Marcha Verde estaba bajo absoluto control de los periodistas que se sienten difamados.<\/p>\n\n\n\n<p>La alharaca montada, podr\u00eda ser una distracci\u00f3n para los dominicanos que expresaron su justificada inquietud por el inter\u00e9s de EE.UU. en las tierras raras de Pedernales y que podr\u00edan convocar al pueblo a marchar.<\/p>\n\n\n\n<p>El af\u00e1n de los conservadores es desacreditar a todos los que llamaron a marchar y marcharon, y el m\u00e9todo de lucha popular, para sugerir de forma subliminal que ese tipo de protesta es ileg\u00edtimo e in\u00fatil.<\/p>\n","protected":false},"excerpt":{"rendered":"<p>Por ANULFO MATEO PEREZ La intervenci\u00f3n de la USAID, ordenada por el presidente Donald Trump&hellip;<\/p>\n","protected":false},"author":2,"featured_media":64779,"comment_status":"open","ping_status":"open","sticky":false,"template":"","format":"standard","meta":{"footnotes":""},"categories":[54,52,51],"tags":[],"class_list":["post-71642","post","type-post","status-publish","format-standard","has-post-thumbnail","hentry","category-anulfo-mateo","category-internacionales","category-opinion"],"_links":{"self":[{"href":"https:\/\/eldiarioantillano.com\/uno\/wp-json\/wp\/v2\/posts\/71642","targetHints":{"allow":["GET"]}}],"collection":[{"href":"https:\/\/eldiarioantillano.com\/uno\/wp-json\/wp\/v2\/posts"}],"about":[{"href":"https:\/\/eldiarioantillano.com\/uno\/wp-json\/wp\/v2\/types\/post"}],"author":[{"embeddable":true,"href":"https:\/\/eldiarioantillano.com\/uno\/wp-json\/wp\/v2\/users\/2"}],"replies":[{"embeddable":true,"href":"https:\/\/eldiarioantillano.com\/uno\/wp-json\/wp\/v2\/comments?post=71642"}],"version-history":[{"count":2,"href":"https:\/\/eldiarioantillano.com\/uno\/wp-json\/wp\/v2\/posts\/71642\/revisions"}],"predecessor-version":[{"id":71665,"href":"https:\/\/eldiarioantillano.com\/uno\/wp-json\/wp\/v2\/posts\/71642\/revisions\/71665"}],"wp:featuredmedia":[{"embeddable":true,"href":"https:\/\/eldiarioantillano.com\/uno\/wp-json\/wp\/v2\/media\/64779"}],"wp:attachment":[{"href":"https:\/\/eldiarioantillano.com\/uno\/wp-json\/wp\/v2\/media?parent=71642"}],"wp:term":[{"taxonomy":"category","embeddable":true,"href":"https:\/\/eldiarioantillano.com\/uno\/wp-json\/wp\/v2\/categories?post=71642"},{"taxonomy":"post_tag","embeddable":true,"href":"https:\/\/eldiarioantillano.com\/uno\/wp-json\/wp\/v2\/tags?post=71642"}],"curies":[{"name":"wp","href":"https:\/\/api.w.org\/{rel}","templated":true}]}}