{"id":71626,"date":"2025-02-17T00:05:00","date_gmt":"2025-02-17T04:05:00","guid":{"rendered":"https:\/\/eldiarioantillano.com\/uno\/?p=71626"},"modified":"2025-02-16T22:19:36","modified_gmt":"2025-02-17T02:19:36","slug":"cuestionamientos-a-lucha-antipandillas-cierra-semana-en-haiti","status":"publish","type":"post","link":"https:\/\/eldiarioantillano.com\/uno\/2025\/02\/17\/cuestionamientos-a-lucha-antipandillas-cierra-semana-en-haiti\/","title":{"rendered":"Cuestionamientos a lucha antipandillas cierra semana en Hait\u00ed"},"content":{"rendered":"\n<p>Puerto Pr\u00edncipe, (Prensa Latina) Los cuestionamientos de la ciudadan\u00eda sobre la eficacia de las operaciones de la Polic\u00eda Nacional de Hait\u00ed (PNH) contra las pandillas que hoy controlan el 85 por ciento de Puerto Pr\u00edncipe, marcan la semana en este pa\u00eds.<\/p>\n\n\n\n<p>Las acciones de los agentes del orden de conjunto con el Ej\u00e9rcito, y los efectivos de la Misi\u00f3n Multinacional de Apoyo a la Seguridad no se detienen, pero la poblaci\u00f3n se pregunta c\u00f3mo es posible que reciban respaldo internacional, y la capital viva en perpetuo p\u00e1nico.<\/p>\n\n\n\n<p>Esta semana, Estados Unidos entreg\u00f3 una nueva flota de veh\u00edculos marcas Ford y Toyota a la Polic\u00eda Nacional de Hait\u00ed adem\u00e1s de camiones, dos cargadores blindados y otros equipos pesados.<\/p>\n\n\n\n<p>Washington tambi\u00e9n envi\u00f3 un lote de 600 fusiles de asalto, as\u00ed como varios tipos de municiones.<\/p>\n\n\n\n<p>La situaci\u00f3n de seguridad en Hait\u00ed sigue siendo preocupante. Grandes zonas del pa\u00eds, especialmente en el \u00e1rea metropolitana, contin\u00faan bajo el control de los grupos armados, precis\u00f3 el sitio digital Noticias Kominotek.<\/p>\n\n\n\n<p>Las operaciones de la PNH dirigidas a desalojar a las bandas criminales no tienen el \u00e9xito esperado y estas siguen dominando la capital y zonas aleda\u00f1as.<\/p>\n\n\n\n<p>En la semana, muri\u00f3 un polic\u00eda y tres resultados heridos, el n\u00famero de desplazados se increment\u00f3, y los pandilleros le prendieron fuego al Hospital General de Hait\u00ed, entre otras fechor\u00edas.<\/p>\n\n\n\n<p>Es vital -puntualiza la fuente- una mejor estrategia de coordinaci\u00f3n, una reorganizaci\u00f3n interna de la PNH y una firme voluntad pol\u00edtica para recuperar el control de las zonas controladas por los criminales.<\/p>\n\n\n\n<p>El gobierno de Estados Unidos, que aparenta estar fuera de los asuntos internos de Hait\u00ed, amenaz\u00f3 en 2024 a la coalici\u00f3n de bandas criminales que hoy mantiene en jaque a la polic\u00eda nacional.<\/p>\n\n\n\n<p>\u201cLos pandilleros tendr\u00e1n que elegir entre la c\u00e1rcel y el cementerio\u201d, expres\u00f3 el embajador de la naci\u00f3n norte\u00f1a en el pa\u00eds caribe\u00f1o, Dennis Hankins, record\u00f3 el diario digital Hait\u00ed Libre.<\/p>\n\n\n\n<p>Washington -reiteraron algunos medios- es considerado aqu\u00ed el culpable del caos econ\u00f3mico, pol\u00edtico y social que vive el pa\u00eds caribe\u00f1o, al cual intervino militarmente en 1915 y supuestamente lo abandon\u00f3 en 1934.<\/p>\n\n\n\n<p>La mayor\u00eda de las armas y municiones que utilizan los pandilleros, que martirizan a la poblaci\u00f3n, provienen de Estados Unidos.<\/p>\n\n\n\n<p>jcm\/joe<\/p>\n","protected":false},"excerpt":{"rendered":"<p>Puerto Pr\u00edncipe, (Prensa Latina) Los cuestionamientos de la ciudadan\u00eda sobre la eficacia de las operaciones&hellip;<\/p>\n","protected":false},"author":2,"featured_media":71617,"comment_status":"open","ping_status":"open","sticky":false,"template":"","format":"standard","meta":{"footnotes":""},"categories":[52,53],"tags":[],"class_list":["post-71626","post","type-post","status-publish","format-standard","has-post-thumbnail","hentry","category-internacionales","category-prensa-latina"],"_links":{"self":[{"href":"https:\/\/eldiarioantillano.com\/uno\/wp-json\/wp\/v2\/posts\/71626","targetHints":{"allow":["GET"]}}],"collection":[{"href":"https:\/\/eldiarioantillano.com\/uno\/wp-json\/wp\/v2\/posts"}],"about":[{"href":"https:\/\/eldiarioantillano.com\/uno\/wp-json\/wp\/v2\/types\/post"}],"author":[{"embeddable":true,"href":"https:\/\/eldiarioantillano.com\/uno\/wp-json\/wp\/v2\/users\/2"}],"replies":[{"embeddable":true,"href":"https:\/\/eldiarioantillano.com\/uno\/wp-json\/wp\/v2\/comments?post=71626"}],"version-history":[{"count":1,"href":"https:\/\/eldiarioantillano.com\/uno\/wp-json\/wp\/v2\/posts\/71626\/revisions"}],"predecessor-version":[{"id":71627,"href":"https:\/\/eldiarioantillano.com\/uno\/wp-json\/wp\/v2\/posts\/71626\/revisions\/71627"}],"wp:featuredmedia":[{"embeddable":true,"href":"https:\/\/eldiarioantillano.com\/uno\/wp-json\/wp\/v2\/media\/71617"}],"wp:attachment":[{"href":"https:\/\/eldiarioantillano.com\/uno\/wp-json\/wp\/v2\/media?parent=71626"}],"wp:term":[{"taxonomy":"category","embeddable":true,"href":"https:\/\/eldiarioantillano.com\/uno\/wp-json\/wp\/v2\/categories?post=71626"},{"taxonomy":"post_tag","embeddable":true,"href":"https:\/\/eldiarioantillano.com\/uno\/wp-json\/wp\/v2\/tags?post=71626"}],"curies":[{"name":"wp","href":"https:\/\/api.w.org\/{rel}","templated":true}]}}