{"id":71624,"date":"2025-02-17T00:01:00","date_gmt":"2025-02-17T04:01:00","guid":{"rendered":"https:\/\/eldiarioantillano.com\/uno\/?p=71624"},"modified":"2025-02-16T22:17:56","modified_gmt":"2025-02-17T02:17:56","slug":"pondran-a-circular-libro-el-cirineo-y-otras-minificciones-en-la-pucmm","status":"publish","type":"post","link":"https:\/\/eldiarioantillano.com\/uno\/2025\/02\/17\/pondran-a-circular-libro-el-cirineo-y-otras-minificciones-en-la-pucmm\/","title":{"rendered":"Pondr\u00e1n a circular libro \u00abEl Cirineo y otras minificciones\u00bb en la PUCMM"},"content":{"rendered":"\n<p>La obra es de la autor\u00eda de Ruth Vera y el acto ser\u00e1 este martes 18 de febrero a las 4 de la tarde en la Ponticificia Universidad Cat\u00f3lica Madre y Maestra.<\/p>\n\n\n\n<p><\/p>\n","protected":false},"excerpt":{"rendered":"<p>La obra es de la autor\u00eda de Ruth Vera y el acto ser\u00e1 este martes&hellip;<\/p>\n","protected":false},"author":2,"featured_media":71618,"comment_status":"open","ping_status":"open","sticky":false,"template":"","format":"standard","meta":{"footnotes":""},"categories":[63],"tags":[],"class_list":["post-71624","post","type-post","status-publish","format-standard","has-post-thumbnail","hentry","category-cultura"],"_links":{"self":[{"href":"https:\/\/eldiarioantillano.com\/uno\/wp-json\/wp\/v2\/posts\/71624","targetHints":{"allow":["GET"]}}],"collection":[{"href":"https:\/\/eldiarioantillano.com\/uno\/wp-json\/wp\/v2\/posts"}],"about":[{"href":"https:\/\/eldiarioantillano.com\/uno\/wp-json\/wp\/v2\/types\/post"}],"author":[{"embeddable":true,"href":"https:\/\/eldiarioantillano.com\/uno\/wp-json\/wp\/v2\/users\/2"}],"replies":[{"embeddable":true,"href":"https:\/\/eldiarioantillano.com\/uno\/wp-json\/wp\/v2\/comments?post=71624"}],"version-history":[{"count":1,"href":"https:\/\/eldiarioantillano.com\/uno\/wp-json\/wp\/v2\/posts\/71624\/revisions"}],"predecessor-version":[{"id":71625,"href":"https:\/\/eldiarioantillano.com\/uno\/wp-json\/wp\/v2\/posts\/71624\/revisions\/71625"}],"wp:featuredmedia":[{"embeddable":true,"href":"https:\/\/eldiarioantillano.com\/uno\/wp-json\/wp\/v2\/media\/71618"}],"wp:attachment":[{"href":"https:\/\/eldiarioantillano.com\/uno\/wp-json\/wp\/v2\/media?parent=71624"}],"wp:term":[{"taxonomy":"category","embeddable":true,"href":"https:\/\/eldiarioantillano.com\/uno\/wp-json\/wp\/v2\/categories?post=71624"},{"taxonomy":"post_tag","embeddable":true,"href":"https:\/\/eldiarioantillano.com\/uno\/wp-json\/wp\/v2\/tags?post=71624"}],"curies":[{"name":"wp","href":"https:\/\/api.w.org\/{rel}","templated":true}]}}