{"id":71622,"date":"2025-02-17T12:01:00","date_gmt":"2025-02-17T16:01:00","guid":{"rendered":"https:\/\/eldiarioantillano.com\/uno\/?p=71622"},"modified":"2025-02-16T22:13:34","modified_gmt":"2025-02-17T02:13:34","slug":"europa-la-mirada-desde-la-barrera","status":"publish","type":"post","link":"https:\/\/eldiarioantillano.com\/uno\/2025\/02\/17\/europa-la-mirada-desde-la-barrera\/","title":{"rendered":"Europa, la mirada desde la barrera"},"content":{"rendered":"\n<p>Bruselas,  feb (Prensa Latina) La pl\u00e1tica telef\u00f3nica de hora y media del presidente ruso, Vladimir Putin, y del estadounidense, Donald Trump, parece dejar hoy a Europa con la mira desde la barrera en la soluci\u00f3n del conflicto ucraniano.<\/p>\n\n\n\n<p>Ser\u00eda ingenuo considerar que Trump y Putin hablen ahora de soluciones duraderas en el diferendo entre Rusia y Occidente, a trav\u00e9s de la guerra en Ucrania, pero al menos se dio un primer paso para buscar cambios.<\/p>\n\n\n\n<p>Ese primer intento caus\u00f3 un \u00abshock\u00bb a dirigentes de Europa, cuyos pa\u00edses sacrificaron facilidades energ\u00e9ticas, comerciales y de proyectos de inversiones con Rusia, para crear un frente com\u00fan con Ucrania, tal y como lo dictaba Washington.<\/p>\n\n\n\n<p>El cambio de cosaca en la Casa Blanca, con un Donald Trump que prometi\u00f3 durante su campa\u00f1a electoral buscar una soluci\u00f3n inmediata al conflicto ucraniano, pareci\u00f3 introducir un cambio en c\u00f3mo valorar el papel de Bruselas y Kiev en ese empe\u00f1o.<\/p>\n\n\n\n<p>La Europa de la \u00e9poca del dem\u00f3crata Joe Biden desembols\u00f3 m\u00e1s de 150 mil millones de euros en el rearme de Kiev, sin tomar en cuenta que era necesario dinero para mantener bajas tarifas energ\u00e9ticas, conservar empleos, y sostener su competitividad.<\/p>\n\n\n\n<p>De hecho, hubo casos como el del canciller federal alem\u00e1n, Olaf Scholz, un socialdem\u00f3crata que en un momento pareci\u00f3 preferir destinar dinero a la compra de armas para Ucrania, por encima de necesidades de damnificados por inundaciones en 2024.<\/p>\n\n\n\n<p><strong>Las reacciones desde la barrera<\/strong><\/p>\n\n\n\n<p>El diario Politico se\u00f1ala que Ucrania y Europa esperaron durante a\u00f1os un encuentro de mandatarios de Rusia y Estados Unidos, pero cuando eso finalmente ocurri\u00f3, ello llev\u00f3 a los aliados de Kiev a un verdadero espasmo.<\/p>\n\n\n\n<p>Durante la pl\u00e1tica telef\u00f3nica con Putin, Trump acept\u00f3 comenzar las conversaciones para poner fin al conflicto y con ello anul\u00f3 tres a\u00f1os de pol\u00edtica de Estados Unidos respecto a Ucrania, lo cual dej\u00f3 at\u00f3nicos a los europeos, comenta Bloomberg.<\/p>\n\n\n\n<p>La cadena CNN enfatiz\u00f3 en el tono reconciliador de ambos mandatarios en la pl\u00e1tica, mientras que la revista The Economist estima que el di\u00e1logo provoc\u00f3 alarma entre los funcionarios europeos que temen un cambio de pol\u00edtica de Washington.<\/p>\n\n\n\n<p>La jefa de la diplomacia de la Uni\u00f3n Europea (UE), Kaja Kallas, apenas reclam\u00f3 en su cuenta de la red X que en cualquier negociaci\u00f3n sobre el conflicto Europa debe jugar un papel central, algo que no apareci\u00f3 en la pl\u00e1tica telef\u00f3nica.<\/p>\n\n\n\n<p>De hecho, hubo una declaraci\u00f3n de cancilleres de la UE sobre la necesidad de defender la integridad territorial de Ucrania, despu\u00e9s que desde el Pent\u00e1gono estimaron irreal un regreso de ese pa\u00eds a las frontera de antes de 2014.<\/p>\n\n\n\n<p>Hace 11 a\u00f1os las rep\u00fablicas de Donetsk y Lugansk, en la zona del Donb\u00e1s, proclamaron su independencia de Kiev en sendos referendos, como mismo lo hizo Crimea, que de inmediato pas\u00f3 a jurisdicci\u00f3n rusa y evit\u00f3 la guerra, no as\u00ed la zona del Donb\u00e1s.<\/p>\n\n\n\n<p>La confrontaci\u00f3n se agudiz\u00f3, cuando el 24 de febrero de 2022, Putin orden\u00f3 una operaci\u00f3n militar para proteger a la poblaci\u00f3n sublevada del Donb\u00e1s. Durante esa confrontaci\u00f3n, Mosc\u00fa tambi\u00e9n puso bajo su control a los territorios de Zaparozhie y Jers\u00f3n.<\/p>\n\n\n\n<p>Alemania, de locomotora a cig\u00fce\u00f1a<\/p>\n\n\n\n<p>Si de p\u00e9rdidas visibles se trata en la aplicaci\u00f3n de una pol\u00edtica de apoyo sin miramientos a Kiev, Alemania es un claro ejemplo de un pa\u00eds que pareci\u00f3 pasar de locomotora de la econom\u00eda europea a pr\u00e1cticamente una cig\u00fce\u00f1a, estiman expertos.<\/p>\n\n\n\n<p>El diario Bild comenta que Berl\u00edn para nada fue invitado a la discusi\u00f3n sobre el fin de la confrontaci\u00f3n ucraniana, para \u201cquedar as\u00ed con las manos vac\u00edas\u201d.<\/p>\n\n\n\n<p>La parte germana sacrific\u00f3 su c\u00f3modo sistema de suministros por gasoductos desde Rusia, con gas natural barato que le imprim\u00eda un alto grado de competitividad a su econom\u00eda, para pasar a un esquema de compra de gas licuado caro a Estados Unidos.<\/p>\n\n\n\n<p>Con tarifas energ\u00e9ticas tres veces m\u00e1s altas que en Estados Unidos, Alemania vive ahora una desindustrializaci\u00f3n, con varias de sus grandes empresas mudadas a suelo norteamericano y en proceso de cierre.<\/p>\n\n\n\n<p>Ahora, cuando empieza el tanteo de lo que puede ocurrir en Ucrania en el mandato de Trump, Europa descubre que, a todas luces, su papel ser\u00e1 mirar todo desde la barrera, am\u00e9n de sacrificios anteriores.<\/p>\n\n\n\n<p>arc\/to<\/p>\n","protected":false},"excerpt":{"rendered":"<p>Bruselas, feb (Prensa Latina) La pl\u00e1tica telef\u00f3nica de hora y media del presidente ruso, Vladimir&hellip;<\/p>\n","protected":false},"author":2,"featured_media":71615,"comment_status":"open","ping_status":"open","sticky":false,"template":"","format":"standard","meta":{"footnotes":""},"categories":[52,53],"tags":[],"class_list":["post-71622","post","type-post","status-publish","format-standard","has-post-thumbnail","hentry","category-internacionales","category-prensa-latina"],"_links":{"self":[{"href":"https:\/\/eldiarioantillano.com\/uno\/wp-json\/wp\/v2\/posts\/71622","targetHints":{"allow":["GET"]}}],"collection":[{"href":"https:\/\/eldiarioantillano.com\/uno\/wp-json\/wp\/v2\/posts"}],"about":[{"href":"https:\/\/eldiarioantillano.com\/uno\/wp-json\/wp\/v2\/types\/post"}],"author":[{"embeddable":true,"href":"https:\/\/eldiarioantillano.com\/uno\/wp-json\/wp\/v2\/users\/2"}],"replies":[{"embeddable":true,"href":"https:\/\/eldiarioantillano.com\/uno\/wp-json\/wp\/v2\/comments?post=71622"}],"version-history":[{"count":1,"href":"https:\/\/eldiarioantillano.com\/uno\/wp-json\/wp\/v2\/posts\/71622\/revisions"}],"predecessor-version":[{"id":71623,"href":"https:\/\/eldiarioantillano.com\/uno\/wp-json\/wp\/v2\/posts\/71622\/revisions\/71623"}],"wp:featuredmedia":[{"embeddable":true,"href":"https:\/\/eldiarioantillano.com\/uno\/wp-json\/wp\/v2\/media\/71615"}],"wp:attachment":[{"href":"https:\/\/eldiarioantillano.com\/uno\/wp-json\/wp\/v2\/media?parent=71622"}],"wp:term":[{"taxonomy":"category","embeddable":true,"href":"https:\/\/eldiarioantillano.com\/uno\/wp-json\/wp\/v2\/categories?post=71622"},{"taxonomy":"post_tag","embeddable":true,"href":"https:\/\/eldiarioantillano.com\/uno\/wp-json\/wp\/v2\/tags?post=71622"}],"curies":[{"name":"wp","href":"https:\/\/api.w.org\/{rel}","templated":true}]}}