{"id":71620,"date":"2025-02-17T00:00:00","date_gmt":"2025-02-17T04:00:00","guid":{"rendered":"https:\/\/eldiarioantillano.com\/uno\/?p=71620"},"modified":"2025-02-16T22:10:27","modified_gmt":"2025-02-17T02:10:27","slug":"jorge-asjana-o-la-madurez-de-un-proyecto-academico","status":"publish","type":"post","link":"https:\/\/eldiarioantillano.com\/uno\/2025\/02\/17\/jorge-asjana-o-la-madurez-de-un-proyecto-academico\/","title":{"rendered":"Jorge Asjana o la madurez de un proyecto acad\u00e9mico"},"content":{"rendered":"\n<p>Por Neo Carmona<\/p>\n\n\n\n<p>Han pasado m\u00e1s de 30 a\u00f1os desde el primer puesto de car\u00e1cter y naturaleza acad\u00e9mica que ocup\u00f3 en la gerencia de la Universidad Aut\u00f3noma de Santo Domingo (UASD) el doctor Jorge Asjana David, coordinador general del internado de medicina.&nbsp;<\/p>\n\n\n\n<p>Este ser\u00eda el inicio de una carrera de servicio institucional a favor de la misi\u00f3n educativa de la UASD que le llevar\u00eda, escalaf\u00f3n por escalaf\u00f3n, hasta el m\u00e1ximo puesto en la gesti\u00f3n de los asuntos docentes, vicerrector.<\/p>\n\n\n\n<p>No voy a entrar en detalles de los muchos logros del doctor Asjana en cada una de las funciones que ha desempe\u00f1ado. Baste decir que, en cada puesto ocupado, pueden exhibirse los m\u00e1s importantes avances en beneficio de la educaci\u00f3n superior p\u00fablica de calidad y de vanguardia, la sociedad dominicana, la Universidad Primada de Am\u00e9rica y de la familia universitaria en sentido general. Agr\u00e9guese a esto su distintivo sello de excelencia, honestidad, respeto, institucionalidad, as\u00ed como manejo pulcro y eficiente de los recursos. &nbsp;<\/p>\n\n\n\n<p>Poco menos de 50 a\u00f1os de labor docente (inici\u00f3 como monitor de la c\u00e1tedra de Anatom\u00eda Humana en 1979 y hoy en d\u00eda es profesor titular). Y m\u00e1s de 30 en la administraci\u00f3n acad\u00e9mica, adem\u00e1s de su extraordinaria trayectoria como uno de los mejores &nbsp;profesionales de la medicina y la cirug\u00eda dominicanas, lo que le ha hecho merecedor del m\u00e1s amplio reconocimiento entre sus pares y de la comunidad acad\u00e9mica nacional e internacional, han sentado las bases que califican Jorge Asjana&nbsp;no solo en la mejor opci\u00f3n para dirigir la UASD por senderos de eficiencia y pertinencia al servicio exclusivo de los mejores intereses del pueblo dominicano, sino tambi\u00e9n que lo han convertido en el principal l\u00edder acad\u00e9mico de su generaci\u00f3n.<\/p>\n\n\n\n<p>Esto demuestra que, aunque haya quienes piensen que de la nada cualquiera puede venir dirigir la universidad del Estado, lo cierto es que es la misma instituci\u00f3n la que va, con el transcurrir de los a\u00f1os y el agotamiento de los procesos gerenciales&nbsp;[y pol\u00edticos]&nbsp;preparando a sus propios gerentes. Naturalmente, en la medida en que estos tambi\u00e9n se vayan preparando y agotando sus propios procesos para dirigirla.<\/p>\n\n\n\n<p>No hace falta ir muy lejos en la historia pol\u00edtica uasdiana para encontrarnos con ejemplos de a quienes, sin menoscabo de alguna que otra cualidad, una coyuntura muy particular les premi\u00f3 con un puesto del primer nivel en la estructura de gobernanza universitaria y que, al dar el asado paso a la rector\u00eda, se encontraron con la cruda realidad de un Claustro que no hall\u00f3 esos requerimientos para validarlos. Y, como estamos en la UASD, tambi\u00e9n tenemos a quienes han querido empezar por la rector\u00eda. De m\u00e1s est\u00e1 decir que el resultado ha sido el mismo.<\/p>\n\n\n\n<p>Por largo m\u00e1s de una d\u00e9cada trabajando con Asjana, siendo parte estructural de su proyecto pol\u00edtico a la rector\u00eda de la academia, recorriendo junto \u00e9l toda la geograf\u00eda nacional, compartiendo con la familia universitaria y la sociedad su visi\u00f3n comprometida con una mejor universidad, nos han permitido ser testigo de primera mano de c\u00f3mo esa visi\u00f3n se ha ido conectando con la conciencia colectiva del profesorado, las principales fuerzas pol\u00edticas universitarias, los l\u00edderes administrativos y estudiantiles, as\u00ed como con el liderazgo empresarial y productivo nacional, hasta convertirlo, hoy por hoy, en el rector de la UASD del 2026. &nbsp;<\/p>\n\n\n\n<p>Y es que, el doctor Jorge Asjana David no es un improvisado ni representa un colectivo que busca el poder como forma de conseguir beneficios particulares. Asjana es un hijo de la UASD que se ha preparado por m\u00e1s de 50 a\u00f1os para dirigirla y que, en esa misma direcci\u00f3n, se ha dejado preparar por la UASD para servirle con dignidad. Y, en esa misi\u00f3n, le acompa\u00f1amos un grupo de hombres y mujeres a los que Jorge Asjana nos ha venido formando para acompa\u00f1arle y no defraudar la confianza del mejor patrimonio del pueblo dominicano depositado en su legado de trabajo, nuestra UASD.<\/p>\n\n\n\n<p>Con su visi\u00f3n clara y una experiencia acumulada a lo largo de d\u00e9cadas, Asjana no solo es una opci\u00f3n v\u00e1lida, sino la mejor para liderar el futuro de la UASD. Su capacidad para transformar la universidad, mejorar la calidad educativa y fortalecer la instituci\u00f3n como un referente regional en educaci\u00f3n superior lo convierten en el l\u00edder que la UASD necesita en este momento crucial.<\/p>\n\n\n\n<p><em>El autor es servidor universitario<\/em>&nbsp;<\/p>\n","protected":false},"excerpt":{"rendered":"<p>Por Neo Carmona Han pasado m\u00e1s de 30 a\u00f1os desde el primer puesto de car\u00e1cter&hellip;<\/p>\n","protected":false},"author":2,"featured_media":71616,"comment_status":"open","ping_status":"open","sticky":false,"template":"","format":"standard","meta":{"footnotes":""},"categories":[55],"tags":[],"class_list":["post-71620","post","type-post","status-publish","format-standard","has-post-thumbnail","hentry","category-nacionales"],"_links":{"self":[{"href":"https:\/\/eldiarioantillano.com\/uno\/wp-json\/wp\/v2\/posts\/71620","targetHints":{"allow":["GET"]}}],"collection":[{"href":"https:\/\/eldiarioantillano.com\/uno\/wp-json\/wp\/v2\/posts"}],"about":[{"href":"https:\/\/eldiarioantillano.com\/uno\/wp-json\/wp\/v2\/types\/post"}],"author":[{"embeddable":true,"href":"https:\/\/eldiarioantillano.com\/uno\/wp-json\/wp\/v2\/users\/2"}],"replies":[{"embeddable":true,"href":"https:\/\/eldiarioantillano.com\/uno\/wp-json\/wp\/v2\/comments?post=71620"}],"version-history":[{"count":1,"href":"https:\/\/eldiarioantillano.com\/uno\/wp-json\/wp\/v2\/posts\/71620\/revisions"}],"predecessor-version":[{"id":71621,"href":"https:\/\/eldiarioantillano.com\/uno\/wp-json\/wp\/v2\/posts\/71620\/revisions\/71621"}],"wp:featuredmedia":[{"embeddable":true,"href":"https:\/\/eldiarioantillano.com\/uno\/wp-json\/wp\/v2\/media\/71616"}],"wp:attachment":[{"href":"https:\/\/eldiarioantillano.com\/uno\/wp-json\/wp\/v2\/media?parent=71620"}],"wp:term":[{"taxonomy":"category","embeddable":true,"href":"https:\/\/eldiarioantillano.com\/uno\/wp-json\/wp\/v2\/categories?post=71620"},{"taxonomy":"post_tag","embeddable":true,"href":"https:\/\/eldiarioantillano.com\/uno\/wp-json\/wp\/v2\/tags?post=71620"}],"curies":[{"name":"wp","href":"https:\/\/api.w.org\/{rel}","templated":true}]}}