{"id":71613,"date":"2025-02-16T10:20:00","date_gmt":"2025-02-16T14:20:00","guid":{"rendered":"https:\/\/eldiarioantillano.com\/uno\/?p=71613"},"modified":"2025-02-16T22:24:41","modified_gmt":"2025-02-17T02:24:41","slug":"ministro-de-trabajo-se-reune-con-directivos-del-fopetcon","status":"publish","type":"post","link":"https:\/\/eldiarioantillano.com\/uno\/2025\/02\/16\/ministro-de-trabajo-se-reune-con-directivos-del-fopetcon\/","title":{"rendered":"Ministro de Trabajo se re\u00fane con directivos del Fopetcon"},"content":{"rendered":"\n<figure class=\"wp-block-embed is-type-video is-provider-youtube wp-block-embed-youtube wp-embed-aspect-16-9 wp-has-aspect-ratio\"><div class=\"wp-block-embed__wrapper\">\n<iframe title=\"Ministro de Trabajo se re\u00fane con directivos del Fopetcon\" width=\"1170\" height=\"658\" src=\"https:\/\/www.youtube.com\/embed\/wg7yTUKwoyA?feature=oembed\" frameborder=\"0\" allow=\"accelerometer; autoplay; clipboard-write; encrypted-media; gyroscope; picture-in-picture; web-share\" referrerpolicy=\"strict-origin-when-cross-origin\" allowfullscreen><\/iframe>\n<\/div><\/figure>\n\n\n\n<p>Eddy Olivares visit\u00f3 la sede del Fondo de Pensiones de Trabajadores de la Construcci\u00f3n, donde convers\u00f3 sobre diversos problemas.<\/p>\n","protected":false},"excerpt":{"rendered":"<p>Eddy Olivares visit\u00f3 la sede del Fondo de Pensiones de Trabajadores de la Construcci\u00f3n, donde&hellip;<\/p>\n","protected":false},"author":2,"featured_media":71614,"comment_status":"open","ping_status":"open","sticky":false,"template":"","format":"standard","meta":{"footnotes":""},"categories":[55],"tags":[],"class_list":["post-71613","post","type-post","status-publish","format-standard","has-post-thumbnail","hentry","category-nacionales"],"_links":{"self":[{"href":"https:\/\/eldiarioantillano.com\/uno\/wp-json\/wp\/v2\/posts\/71613","targetHints":{"allow":["GET"]}}],"collection":[{"href":"https:\/\/eldiarioantillano.com\/uno\/wp-json\/wp\/v2\/posts"}],"about":[{"href":"https:\/\/eldiarioantillano.com\/uno\/wp-json\/wp\/v2\/types\/post"}],"author":[{"embeddable":true,"href":"https:\/\/eldiarioantillano.com\/uno\/wp-json\/wp\/v2\/users\/2"}],"replies":[{"embeddable":true,"href":"https:\/\/eldiarioantillano.com\/uno\/wp-json\/wp\/v2\/comments?post=71613"}],"version-history":[{"count":1,"href":"https:\/\/eldiarioantillano.com\/uno\/wp-json\/wp\/v2\/posts\/71613\/revisions"}],"predecessor-version":[{"id":71619,"href":"https:\/\/eldiarioantillano.com\/uno\/wp-json\/wp\/v2\/posts\/71613\/revisions\/71619"}],"wp:featuredmedia":[{"embeddable":true,"href":"https:\/\/eldiarioantillano.com\/uno\/wp-json\/wp\/v2\/media\/71614"}],"wp:attachment":[{"href":"https:\/\/eldiarioantillano.com\/uno\/wp-json\/wp\/v2\/media?parent=71613"}],"wp:term":[{"taxonomy":"category","embeddable":true,"href":"https:\/\/eldiarioantillano.com\/uno\/wp-json\/wp\/v2\/categories?post=71613"},{"taxonomy":"post_tag","embeddable":true,"href":"https:\/\/eldiarioantillano.com\/uno\/wp-json\/wp\/v2\/tags?post=71613"}],"curies":[{"name":"wp","href":"https:\/\/api.w.org\/{rel}","templated":true}]}}