{"id":71573,"date":"2025-02-14T03:16:22","date_gmt":"2025-02-14T07:16:22","guid":{"rendered":"https:\/\/eldiarioantillano.com\/uno\/?p=71573"},"modified":"2025-02-14T03:16:23","modified_gmt":"2025-02-14T07:16:23","slug":"fbi-designa-nuevo-agente-especial-interino-a-cargo-de-puerto-rico","status":"publish","type":"post","link":"https:\/\/eldiarioantillano.com\/uno\/2025\/02\/14\/fbi-designa-nuevo-agente-especial-interino-a-cargo-de-puerto-rico\/","title":{"rendered":"FBI designa nuevo agente especial interino a cargo de Puerto Rico"},"content":{"rendered":"\n<p>San Juan, 12 feb (Prensa Latina) El Bur\u00f3 Federal de Investigaciones (FBI) anunci\u00f3 hoy la designaci\u00f3n interina de Samuel Dorta como Agente Especial a cargo de Puerto Rico y las Islas V\u00edrgenes estadounidenses, en reemplazo de Joseph Gonz\u00e1lez.<\/p>\n\n\n\n<p>Nacido en Nueva York de padres puertorrique\u00f1os, Gonz\u00e1lez asumi\u00f3 la v\u00edspera la jefatura de la Polic\u00eda isle\u00f1a luego de que el lunes el Senado de Puerto Rico lo confirmara al puesto tras ser nombrado por la gobernadora Jenniffer Gonz\u00e1lez, en una acci\u00f3n in\u00e9dita desde que en 1952 se estableci\u00f3 el Estado Libre Asociado (ELA).<\/p>\n\n\n\n<p>Dorta lleva casi dos d\u00e9cadas de servicio en el FBI, periodo durante el cual ha aportado una gran experiencia en seguridad nacional, contrainteligencia e investigaciones criminales, seg\u00fan se indic\u00f3 en declaraciones escritas.<\/p>\n\n\n\n<p>Comenz\u00f3 su carrera en la polic\u00eda federal en 2005 en la Oficina de Campo de Washington, especializ\u00e1ndose en contrainteligencia y su experiencia lo llev\u00f3 a trabajar en esa divisi\u00f3n en la sede del FBI.<\/p>\n\n\n\n<p>En 2018, asumi\u00f3 un puesto de liderazgo en la Agencia Residente de Aguadilla en el noroeste de Puerto Rico, supervisando investigaciones sobre pandillas violentas, crimen organizado transnacional, delitos violentos, delitos contra ni\u00f1os y corrupci\u00f3n p\u00fablica.<\/p>\n\n\n\n<p>Adem\u00e1s de su servicio en el FBI, Dorta es veterano del ej\u00e9rcito de EEUU, ya que sirvi\u00f3 en la Tercera Divisi\u00f3n de Infanter\u00eda, en Bosnia-Herzegovina (2000-2001) y en Irak (2003).<\/p>\n\n\n\n<p>rc\/nrm<\/p>\n","protected":false},"excerpt":{"rendered":"<p>San Juan, 12 feb (Prensa Latina) El Bur\u00f3 Federal de Investigaciones (FBI) anunci\u00f3 hoy la&hellip;<\/p>\n","protected":false},"author":2,"featured_media":71569,"comment_status":"open","ping_status":"open","sticky":false,"template":"","format":"standard","meta":{"footnotes":""},"categories":[52,53],"tags":[],"class_list":["post-71573","post","type-post","status-publish","format-standard","has-post-thumbnail","hentry","category-internacionales","category-prensa-latina"],"_links":{"self":[{"href":"https:\/\/eldiarioantillano.com\/uno\/wp-json\/wp\/v2\/posts\/71573","targetHints":{"allow":["GET"]}}],"collection":[{"href":"https:\/\/eldiarioantillano.com\/uno\/wp-json\/wp\/v2\/posts"}],"about":[{"href":"https:\/\/eldiarioantillano.com\/uno\/wp-json\/wp\/v2\/types\/post"}],"author":[{"embeddable":true,"href":"https:\/\/eldiarioantillano.com\/uno\/wp-json\/wp\/v2\/users\/2"}],"replies":[{"embeddable":true,"href":"https:\/\/eldiarioantillano.com\/uno\/wp-json\/wp\/v2\/comments?post=71573"}],"version-history":[{"count":1,"href":"https:\/\/eldiarioantillano.com\/uno\/wp-json\/wp\/v2\/posts\/71573\/revisions"}],"predecessor-version":[{"id":71574,"href":"https:\/\/eldiarioantillano.com\/uno\/wp-json\/wp\/v2\/posts\/71573\/revisions\/71574"}],"wp:featuredmedia":[{"embeddable":true,"href":"https:\/\/eldiarioantillano.com\/uno\/wp-json\/wp\/v2\/media\/71569"}],"wp:attachment":[{"href":"https:\/\/eldiarioantillano.com\/uno\/wp-json\/wp\/v2\/media?parent=71573"}],"wp:term":[{"taxonomy":"category","embeddable":true,"href":"https:\/\/eldiarioantillano.com\/uno\/wp-json\/wp\/v2\/categories?post=71573"},{"taxonomy":"post_tag","embeddable":true,"href":"https:\/\/eldiarioantillano.com\/uno\/wp-json\/wp\/v2\/tags?post=71573"}],"curies":[{"name":"wp","href":"https:\/\/api.w.org\/{rel}","templated":true}]}}