{"id":71571,"date":"2025-02-14T03:03:34","date_gmt":"2025-02-14T07:03:34","guid":{"rendered":"https:\/\/eldiarioantillano.com\/uno\/?p=71571"},"modified":"2025-02-14T03:03:39","modified_gmt":"2025-02-14T07:03:39","slug":"hotel-don-gaspar-de-montecristi-celebra-dia-de-san-valentin","status":"publish","type":"post","link":"https:\/\/eldiarioantillano.com\/uno\/2025\/02\/14\/hotel-don-gaspar-de-montecristi-celebra-dia-de-san-valentin\/","title":{"rendered":"Hotel Don Gaspar de Montecristi celebra D\u00eda de San Valent\u00edn"},"content":{"rendered":"\n<p>Habr\u00e1 m\u00fasicable y una cena por un modesto pago, inform\u00f3 la administraci\u00f3n.\u00a0<\/p>\n","protected":false},"excerpt":{"rendered":"<p>Habr\u00e1 m\u00fasicable y una cena por un modesto pago, inform\u00f3 la administraci\u00f3n.\u00a0<\/p>\n","protected":false},"author":2,"featured_media":71568,"comment_status":"open","ping_status":"open","sticky":false,"template":"","format":"standard","meta":{"footnotes":""},"categories":[57],"tags":[],"class_list":["post-71571","post","type-post","status-publish","format-standard","has-post-thumbnail","hentry","category-montecristi"],"_links":{"self":[{"href":"https:\/\/eldiarioantillano.com\/uno\/wp-json\/wp\/v2\/posts\/71571","targetHints":{"allow":["GET"]}}],"collection":[{"href":"https:\/\/eldiarioantillano.com\/uno\/wp-json\/wp\/v2\/posts"}],"about":[{"href":"https:\/\/eldiarioantillano.com\/uno\/wp-json\/wp\/v2\/types\/post"}],"author":[{"embeddable":true,"href":"https:\/\/eldiarioantillano.com\/uno\/wp-json\/wp\/v2\/users\/2"}],"replies":[{"embeddable":true,"href":"https:\/\/eldiarioantillano.com\/uno\/wp-json\/wp\/v2\/comments?post=71571"}],"version-history":[{"count":1,"href":"https:\/\/eldiarioantillano.com\/uno\/wp-json\/wp\/v2\/posts\/71571\/revisions"}],"predecessor-version":[{"id":71572,"href":"https:\/\/eldiarioantillano.com\/uno\/wp-json\/wp\/v2\/posts\/71571\/revisions\/71572"}],"wp:featuredmedia":[{"embeddable":true,"href":"https:\/\/eldiarioantillano.com\/uno\/wp-json\/wp\/v2\/media\/71568"}],"wp:attachment":[{"href":"https:\/\/eldiarioantillano.com\/uno\/wp-json\/wp\/v2\/media?parent=71571"}],"wp:term":[{"taxonomy":"category","embeddable":true,"href":"https:\/\/eldiarioantillano.com\/uno\/wp-json\/wp\/v2\/categories?post=71571"},{"taxonomy":"post_tag","embeddable":true,"href":"https:\/\/eldiarioantillano.com\/uno\/wp-json\/wp\/v2\/tags?post=71571"}],"curies":[{"name":"wp","href":"https:\/\/api.w.org\/{rel}","templated":true}]}}