{"id":71519,"date":"2025-02-11T01:21:57","date_gmt":"2025-02-11T05:21:57","guid":{"rendered":"https:\/\/eldiarioantillano.com\/uno\/?p=71519"},"modified":"2025-02-11T01:22:01","modified_gmt":"2025-02-11T05:22:01","slug":"las-guerras-de-petro","status":"publish","type":"post","link":"https:\/\/eldiarioantillano.com\/uno\/2025\/02\/11\/las-guerras-de-petro\/","title":{"rendered":"Las guerras de Petro"},"content":{"rendered":"\n<p>Por C\u00c9SAR P\u00c9REZ<\/p>\n\n\n<div class=\"wp-block-image is-style-rounded\">\n<figure class=\"alignright size-thumbnail\"><img decoding=\"async\" width=\"150\" height=\"150\" src=\"https:\/\/eldiarioantillano.com\/uno\/wp-content\/uploads\/2023\/10\/Cesar-Perez-150x150.png\" alt=\"\" class=\"wp-image-63777\" srcset=\"https:\/\/eldiarioantillano.com\/uno\/wp-content\/uploads\/2023\/10\/Cesar-Perez-150x150.png 150w, https:\/\/eldiarioantillano.com\/uno\/wp-content\/uploads\/2023\/10\/Cesar-Perez-585x585.png 585w\" sizes=\"(max-width: 150px) 100vw, 150px\" \/><figcaption class=\"wp-element-caption\">C\u00e9sar P\u00e9rez<\/figcaption><\/figure>\n<\/div>\n\n\n<p>De no haberse causado a tiempo por la v\u00eda diplom\u00e1tica, de los muchos frentes de lucha en que ha discurrido el mandato del presidente Gustavo Petro, el reci\u00e9n abierto con su posici\u00f3n de exigirle al presidente Trump que las deportaciones de sus compatriotas, ordenada por \u00e9ste se hagan en el marco del debido proceso, se hubiese convertido en de mayor calado. Y es que durante todo el discurrir de su mandado, Petro ha tenido que batirse en diversos frentes, casi todos de profunda hondura y de car\u00e1cter estructural y en sus desenlaces se juega el legado que quisiera dejar, por eso opt\u00f3 por buscar una salida a la crisis en ciernes \u00a0con sentido de responsabilidad con la cual evitase una situaci\u00f3n econ\u00f3mica que por su car\u00e1cter imprevisto llevaba hacia la incertidumbre a diversos agentes sociales y productivos claves. <\/p>\n\n\n\n<p>La crisis que se ve\u00eda venir por la justa reacci\u00f3n de Petro ante una degradante e intolerable calificativo de delincuentes a los deportados y la reacci\u00f3n del presidente estadunidense tom\u00f3 el cause diplom\u00e1tico al despejarse moment\u00e1neamente por intervenci\u00f3n de diversos funcionarios los dos gobiernos y sectores de la econom\u00eda de ambos pa\u00edses. Es la v\u00eda que en ha insistido de manera reiterada, racional y bien fundada la presidenta mexicana Claudia Sheinbaum para enfrentar las amenazas de Trump. A breve plazo, de hacerse efectiva las amenazantes medidas de este, la situaci\u00f3n de la econom\u00eda colombiana se hubiese resentido insosteniblemente, porque las perspectivas eran de desempleo, p\u00e9rdidas de mercanc\u00edas ya producida y en programaci\u00f3n.<\/p>\n\n\n\n<p>Y, en t\u00e9rminos pol\u00edticos, para Petro y lo que \u00e9l representa para los sectores progresista y de izquierda de la regi\u00f3n y en mayor medida para Colombia, era paralizar irremediablemente una gesti\u00f3n de gobierno que le resta menos de la mitad. Hay que considerar que el mundo vive una situaci\u00f3n de <a>v\u00e9rtigo<\/a> por el hecho de que al frente de la primera potencia econ\u00f3mica y militar del mundo est\u00e1 un personaje imprevisible, sin el m\u00e1s elemental sentido de lo que dice o hace frente al cual se requiere firmeza. Peroevitando caer en su l\u00f3gica, en su juego. Para eso se requiere serenidad y sopesar cada paso, como predica con sus hechos la Sheinbaum, al tiempo de poner al centro la defensa de la dignidad del pa\u00eds y de las personas potencialmente deportarles.<\/p>\n\n\n\n<p>Trump no es ni ser\u00e1 omnipotente ni tampoco ser\u00e1 eterno, la historia no registra a nadie que lo haya sido. No podr\u00e1 imponer su voluntad en todo y a todos, empezando por su propio pa\u00eds donde la resistencia est\u00e1 en marcha y se mantendr\u00e1. \u00bfQu\u00e9 cometer\u00e1 tropel\u00edas dentro y fuera de su pa\u00eds?, sin duda, pero no caer en el p\u00e1nico. Petro, como dije al inicio, tiene ante s\u00ed algunos problemas estructurales de la sociedad colombiana que no ha resuelto y que han limitado significativamente los alcances de su gesti\u00f3n. Entre otros, la existencia de un sector conservador y unas derechas tradicional y extrema que de manera resuelta han boicoteado proyectos de reformas indispensables para sacar el pa\u00eds del inmovilismo y las profundas y ancestrales desigualdades sociales y territoriales.<\/p>\n\n\n\n<p>Para esos sectores la violencia, en sus diversas formas, ha sido su principal recurso para mantener sus privilegios y el inmovilismo pol\u00edtico y social a lo largo de la historia pol\u00edtica del pa\u00eds y es un factor importante para la existencia de la violencia pol\u00edtica end\u00e9mica de las guerrillas. En la b\u00fasqueda del fin de la violencia, a trav\u00e9s de lo que denomina la paz total, Petro ha consumido gran parte del tiempo de su gesti\u00f3n con resultados esencialmente adversos. Actualmente, los grupos guerrilleros Ej\u00e9rcito de Liberaci\u00f3n Nacional, ELN, y los disidentes de la FARC se han enzarzados en una guerra total de mutuo exterminio en la frontera con Venezuela por control de una zona que se considera la mayor productora de hoja de coca.<\/p>\n\n\n\n<p>Esa circunstancia no solamente lastra una de las principales apuestas de Petro, sino que contribuye a tensar sus relaciones con la suerte de junta c\u00edvico\/militar que gobierna en Venezuela, una situaci\u00f3n que se ha convertido en uno de sus m\u00e1s delicados frentes de lucha. Petro vive el drama de ser combatido por gente de extrema derecha, otros que se reclaman de izquierda, como la guerrilla y en gran medida, ahora, por el n\u00facleo duro del madurismo con el que tiene profundas diferencias, agudizada por su postura de no reconocer su gobierno. Aguijoneado por esos problemas, poco margen ten\u00eda ante a la bestial ofensiva brutalidad trumpista. Es comprensible su justa indignaci\u00f3n, la cual muchos aplauden con justificada raz\u00f3n, pero cuando se es jefe de Estado a veces hay que tomar decisiones amargas.<\/p>\n\n\n\n<p>Es lo que ha hecho Lula ante una situaci\u00f3n como la de Petro, ha recibido los deportados, pero ha protestado sin morderse la lengua en la defensa de sus compatriotas y de su pa\u00eds. Estos atropellos lo vivir\u00e1n otros pa\u00edses, incluyendo el nuestro. Ser\u00e1n cada vez m\u00e1s humillante si estos no son enfrentados con la firmeza de la dignidad. Y expresando indignaci\u00f3n&nbsp; sin medias tintas.<\/p>\n","protected":false},"excerpt":{"rendered":"<p>Por C\u00c9SAR P\u00c9REZ De no haberse causado a tiempo por la v\u00eda diplom\u00e1tica, de los&hellip;<\/p>\n","protected":false},"author":2,"featured_media":63777,"comment_status":"open","ping_status":"open","sticky":false,"template":"","format":"standard","meta":{"footnotes":""},"categories":[71,52,51],"tags":[],"class_list":["post-71519","post","type-post","status-publish","format-standard","has-post-thumbnail","hentry","category-cesar-perez","category-internacionales","category-opinion"],"_links":{"self":[{"href":"https:\/\/eldiarioantillano.com\/uno\/wp-json\/wp\/v2\/posts\/71519","targetHints":{"allow":["GET"]}}],"collection":[{"href":"https:\/\/eldiarioantillano.com\/uno\/wp-json\/wp\/v2\/posts"}],"about":[{"href":"https:\/\/eldiarioantillano.com\/uno\/wp-json\/wp\/v2\/types\/post"}],"author":[{"embeddable":true,"href":"https:\/\/eldiarioantillano.com\/uno\/wp-json\/wp\/v2\/users\/2"}],"replies":[{"embeddable":true,"href":"https:\/\/eldiarioantillano.com\/uno\/wp-json\/wp\/v2\/comments?post=71519"}],"version-history":[{"count":1,"href":"https:\/\/eldiarioantillano.com\/uno\/wp-json\/wp\/v2\/posts\/71519\/revisions"}],"predecessor-version":[{"id":71520,"href":"https:\/\/eldiarioantillano.com\/uno\/wp-json\/wp\/v2\/posts\/71519\/revisions\/71520"}],"wp:featuredmedia":[{"embeddable":true,"href":"https:\/\/eldiarioantillano.com\/uno\/wp-json\/wp\/v2\/media\/63777"}],"wp:attachment":[{"href":"https:\/\/eldiarioantillano.com\/uno\/wp-json\/wp\/v2\/media?parent=71519"}],"wp:term":[{"taxonomy":"category","embeddable":true,"href":"https:\/\/eldiarioantillano.com\/uno\/wp-json\/wp\/v2\/categories?post=71519"},{"taxonomy":"post_tag","embeddable":true,"href":"https:\/\/eldiarioantillano.com\/uno\/wp-json\/wp\/v2\/tags?post=71519"}],"curies":[{"name":"wp","href":"https:\/\/api.w.org\/{rel}","templated":true}]}}