{"id":71511,"date":"2025-02-11T00:47:40","date_gmt":"2025-02-11T04:47:40","guid":{"rendered":"https:\/\/eldiarioantillano.com\/uno\/?p=71511"},"modified":"2025-02-11T00:47:41","modified_gmt":"2025-02-11T04:47:41","slug":"senador-julito-fulcar-destaca-fortaleza-del-prm-en-su-decimo-aniversario","status":"publish","type":"post","link":"https:\/\/eldiarioantillano.com\/uno\/2025\/02\/11\/senador-julito-fulcar-destaca-fortaleza-del-prm-en-su-decimo-aniversario\/","title":{"rendered":"Senador Julito Fulcar destaca fortaleza del PRM en su d\u00e9cimo aniversario"},"content":{"rendered":"\n<figure class=\"wp-block-embed is-type-video is-provider-youtube wp-block-embed-youtube wp-embed-aspect-16-9 wp-has-aspect-ratio\"><div class=\"wp-block-embed__wrapper\">\n<iframe title=\"Senador Julito Fulcar destaca fortaleza del PRM en su d\u00e9cimo aniversario\" width=\"1170\" height=\"658\" src=\"https:\/\/www.youtube.com\/embed\/mHmHjpZF_LM?feature=oembed\" frameborder=\"0\" allow=\"accelerometer; autoplay; clipboard-write; encrypted-media; gyroscope; picture-in-picture; web-share\" referrerpolicy=\"strict-origin-when-cross-origin\" allowfullscreen><\/iframe>\n<\/div><\/figure>\n\n\n\n<p>El legislador por la provincia Peravia habl\u00f3 de los logros del Partido Revolucionario Moderno tras salir de una misa celebrada en la catedral Nuestra Se\u00f1ora de Regla, en Ban\u00ed.\u00a0<\/p>\n\n\n\n<p><br><br><br><\/p>\n","protected":false},"excerpt":{"rendered":"<p>El legislador por la provincia Peravia habl\u00f3 de los logros del Partido Revolucionario Moderno tras&hellip;<\/p>\n","protected":false},"author":2,"featured_media":71512,"comment_status":"open","ping_status":"open","sticky":false,"template":"","format":"standard","meta":{"footnotes":""},"categories":[55],"tags":[],"class_list":["post-71511","post","type-post","status-publish","format-standard","has-post-thumbnail","hentry","category-nacionales"],"_links":{"self":[{"href":"https:\/\/eldiarioantillano.com\/uno\/wp-json\/wp\/v2\/posts\/71511","targetHints":{"allow":["GET"]}}],"collection":[{"href":"https:\/\/eldiarioantillano.com\/uno\/wp-json\/wp\/v2\/posts"}],"about":[{"href":"https:\/\/eldiarioantillano.com\/uno\/wp-json\/wp\/v2\/types\/post"}],"author":[{"embeddable":true,"href":"https:\/\/eldiarioantillano.com\/uno\/wp-json\/wp\/v2\/users\/2"}],"replies":[{"embeddable":true,"href":"https:\/\/eldiarioantillano.com\/uno\/wp-json\/wp\/v2\/comments?post=71511"}],"version-history":[{"count":1,"href":"https:\/\/eldiarioantillano.com\/uno\/wp-json\/wp\/v2\/posts\/71511\/revisions"}],"predecessor-version":[{"id":71514,"href":"https:\/\/eldiarioantillano.com\/uno\/wp-json\/wp\/v2\/posts\/71511\/revisions\/71514"}],"wp:featuredmedia":[{"embeddable":true,"href":"https:\/\/eldiarioantillano.com\/uno\/wp-json\/wp\/v2\/media\/71512"}],"wp:attachment":[{"href":"https:\/\/eldiarioantillano.com\/uno\/wp-json\/wp\/v2\/media?parent=71511"}],"wp:term":[{"taxonomy":"category","embeddable":true,"href":"https:\/\/eldiarioantillano.com\/uno\/wp-json\/wp\/v2\/categories?post=71511"},{"taxonomy":"post_tag","embeddable":true,"href":"https:\/\/eldiarioantillano.com\/uno\/wp-json\/wp\/v2\/tags?post=71511"}],"curies":[{"name":"wp","href":"https:\/\/api.w.org\/{rel}","templated":true}]}}