{"id":71410,"date":"2025-02-06T00:05:24","date_gmt":"2025-02-06T04:05:24","guid":{"rendered":"https:\/\/eldiarioantillano.com\/uno\/?p=71410"},"modified":"2025-02-06T00:05:25","modified_gmt":"2025-02-06T04:05:25","slug":"contingente-militar-salvadoreno-llega-a-haiti","status":"publish","type":"post","link":"https:\/\/eldiarioantillano.com\/uno\/2025\/02\/06\/contingente-militar-salvadoreno-llega-a-haiti\/","title":{"rendered":"Contingente militar salvadore\u00f1o llega a Hait\u00ed"},"content":{"rendered":"\n<p>Puerto Pr\u00edncipe (Prensa Latina) Un grupo de militares de El Salvador llegaron hoy a esta capital, donde integrar\u00e1n la Misi\u00f3n Multinacional de Apoyo a la Seguridad (MMAS) para combatir a las pandillas.<\/p>\n\n\n\n<p>La plantilla la integran 70 oficiales, y su tarea principal ser\u00e1 prestar asistencia sobre el terreno, y encargarse de la evacuaci\u00f3n de los heridos durante las operaciones.<\/p>\n\n\n\n<p>Su llegada demuestra el compromiso de El Salvador y su presidente, Nayib Bukele, de apoyar a la llamada Perla de las Antillas en su lucha contra las pandillas que controlan el 85 por ciento de Puerto Pr\u00edncipe y zonas aleda\u00f1as.<\/p>\n\n\n\n<p>Medios locales informaron que Estados Unidos solicit\u00f3 formalmente a la Organizaci\u00f3n de Naciones Unidas (ONU) la suspensi\u00f3n de su contribuci\u00f3n de 13,3 millones de d\u00f3lares al fondo para financiar la MMAS.<\/p>\n\n\n\n<p>Tal decisi\u00f3n fue comunicada por St\u00e9phane Dujarric, portavoz en la ONU, marcando un punto de inflexi\u00f3n en la cooperaci\u00f3n internacional ante la crisis de seguridad en Hait\u00ed.<\/p>\n\n\n\n<p>Seg\u00fan el sitio digital Noticias Kominotek, el retiro de esta contribuci\u00f3n financiera de Washington genera preocupaciones sobre la capacidad de la misi\u00f3n para continuar sus actividades en un contexto en el que la situaci\u00f3n de seguridad contin\u00faa deterior\u00e1ndose.<\/p>\n\n\n\n<p>Esta decisi\u00f3n -en opini\u00f3n de la fuente- tendr\u00e1 repercusiones en el desempe\u00f1o de las tropas extranjeras sobre el terreno y en la duraci\u00f3n a largo plazo de la MMAS.<\/p>\n\n\n\n<p>rc\/joe<\/p>\n","protected":false},"excerpt":{"rendered":"<p>Puerto Pr\u00edncipe (Prensa Latina) Un grupo de militares de El Salvador llegaron hoy a esta&hellip;<\/p>\n","protected":false},"author":2,"featured_media":66353,"comment_status":"open","ping_status":"open","sticky":false,"template":"","format":"standard","meta":{"footnotes":""},"categories":[52,53],"tags":[],"class_list":["post-71410","post","type-post","status-publish","format-standard","has-post-thumbnail","hentry","category-internacionales","category-prensa-latina"],"_links":{"self":[{"href":"https:\/\/eldiarioantillano.com\/uno\/wp-json\/wp\/v2\/posts\/71410","targetHints":{"allow":["GET"]}}],"collection":[{"href":"https:\/\/eldiarioantillano.com\/uno\/wp-json\/wp\/v2\/posts"}],"about":[{"href":"https:\/\/eldiarioantillano.com\/uno\/wp-json\/wp\/v2\/types\/post"}],"author":[{"embeddable":true,"href":"https:\/\/eldiarioantillano.com\/uno\/wp-json\/wp\/v2\/users\/2"}],"replies":[{"embeddable":true,"href":"https:\/\/eldiarioantillano.com\/uno\/wp-json\/wp\/v2\/comments?post=71410"}],"version-history":[{"count":1,"href":"https:\/\/eldiarioantillano.com\/uno\/wp-json\/wp\/v2\/posts\/71410\/revisions"}],"predecessor-version":[{"id":71411,"href":"https:\/\/eldiarioantillano.com\/uno\/wp-json\/wp\/v2\/posts\/71410\/revisions\/71411"}],"wp:featuredmedia":[{"embeddable":true,"href":"https:\/\/eldiarioantillano.com\/uno\/wp-json\/wp\/v2\/media\/66353"}],"wp:attachment":[{"href":"https:\/\/eldiarioantillano.com\/uno\/wp-json\/wp\/v2\/media?parent=71410"}],"wp:term":[{"taxonomy":"category","embeddable":true,"href":"https:\/\/eldiarioantillano.com\/uno\/wp-json\/wp\/v2\/categories?post=71410"},{"taxonomy":"post_tag","embeddable":true,"href":"https:\/\/eldiarioantillano.com\/uno\/wp-json\/wp\/v2\/tags?post=71410"}],"curies":[{"name":"wp","href":"https:\/\/api.w.org\/{rel}","templated":true}]}}