{"id":71403,"date":"2025-02-05T00:19:51","date_gmt":"2025-02-05T04:19:51","guid":{"rendered":"https:\/\/eldiarioantillano.com\/uno\/?p=71403"},"modified":"2025-02-05T00:19:52","modified_gmt":"2025-02-05T04:19:52","slug":"trump-saca-a-eeuu-de-consejo-de-derechos-humanos-de-la-onu","status":"publish","type":"post","link":"https:\/\/eldiarioantillano.com\/uno\/2025\/02\/05\/trump-saca-a-eeuu-de-consejo-de-derechos-humanos-de-la-onu\/","title":{"rendered":"Trump saca a EEUU de Consejo de Derechos Humanos de la ONU"},"content":{"rendered":"\n<p>Washington (Prensa Latina) El presidente Donald Trump firm\u00f3 hoy, al cumplir su segunda semana en el cargo, sendas \u00f3rdenes ejecutivas para cortar fondos a la ONU y dejar fuera a Estados Unidos de su Consejo de Derechos Humanos.<\/p>\n\n\n\n<p>Desde la Casa Blanca, donde est\u00e1 lanzando cada d\u00eda su bater\u00eda de acciones presidenciales, el republicano rubric\u00f3 la tarde de este martes la orden que finaliza la participaci\u00f3n de Estados Unidos en el Consejo y contin\u00faa la poda al dinero destinado a la Agencia de la ONU para los Refugiados Palestinos (Unrwa, por su sigla en ingl\u00e9s).<\/p>\n\n\n\n<p>Seg\u00fan Trump, la organizaci\u00f3n no est\u00e1 bien gestionada y tiene \u00abun sesgo antiestadounidense\u00bb y dijo que tanto esta como el Consejo deben \u201cponer en orden sus asuntos\u201d.<\/p>\n\n\n\n<p>Para el 47 Presidente -que ya decidi\u00f3 salir del Acuerdo de Par\u00eds contra el Cambio Clim\u00e1tico y de la Organizaci\u00f3n Mundial de la Salud- la ONU tiene un enorme potencial, \u201cpero no est\u00e1 cumpliendo con \u00e9l en este momento\u201d. En ese sentido, tild\u00f3 al m\u00e1ximo organismo multilateral mundial de ser \u201cineficaz\u201d.<\/p>\n\n\n\n<p>El gobernante firm\u00f3 las \u00f3rdenes justo el mismo d\u00eda tambi\u00e9n que recibir\u00e1 en la mansi\u00f3n ejecutiva al primer ministro israel\u00ed, Benjam\u00edn Netanyahu, un cr\u00edtico de la Unrwa y del Consejo de Derechos Humanos, al que tilda de parcialidad contra su pa\u00eds.<\/p>\n\n\n\n<p>Precisamente, cuando le preguntaron a Trump sobre la actual tregua en Gaza, admiti\u00f3 que no hay \u00abgarant\u00edas\u00bb de que se mantenga.<\/p>\n\n\n\n<p>En su primer mandato (2017-2021), Trump retir\u00f3 a Estados Unidos del Consejo de Derechos Humanos de la ONU, pero esa decisi\u00f3n la revirti\u00f3 el dem\u00f3crata Joe Biden cuando ingres\u00f3 a la residencia de la avenida Pensilvania entre 2021-2025.<\/p>\n\n\n\n<p>Tambi\u00e9n Trump suspendi\u00f3 la financiaci\u00f3n a la Unrwa, lo que al igual que el Acuerdo de Par\u00eds fueron medidas que tuvieron marcha atr\u00e1s con Biden.<\/p>\n\n\n\n<p>rc\/dfm<\/p>\n","protected":false},"excerpt":{"rendered":"<p>Washington (Prensa Latina) El presidente Donald Trump firm\u00f3 hoy, al cumplir su segunda semana en&hellip;<\/p>\n","protected":false},"author":2,"featured_media":71388,"comment_status":"open","ping_status":"open","sticky":false,"template":"","format":"standard","meta":{"footnotes":""},"categories":[52,53],"tags":[],"class_list":["post-71403","post","type-post","status-publish","format-standard","has-post-thumbnail","hentry","category-internacionales","category-prensa-latina"],"_links":{"self":[{"href":"https:\/\/eldiarioantillano.com\/uno\/wp-json\/wp\/v2\/posts\/71403","targetHints":{"allow":["GET"]}}],"collection":[{"href":"https:\/\/eldiarioantillano.com\/uno\/wp-json\/wp\/v2\/posts"}],"about":[{"href":"https:\/\/eldiarioantillano.com\/uno\/wp-json\/wp\/v2\/types\/post"}],"author":[{"embeddable":true,"href":"https:\/\/eldiarioantillano.com\/uno\/wp-json\/wp\/v2\/users\/2"}],"replies":[{"embeddable":true,"href":"https:\/\/eldiarioantillano.com\/uno\/wp-json\/wp\/v2\/comments?post=71403"}],"version-history":[{"count":1,"href":"https:\/\/eldiarioantillano.com\/uno\/wp-json\/wp\/v2\/posts\/71403\/revisions"}],"predecessor-version":[{"id":71404,"href":"https:\/\/eldiarioantillano.com\/uno\/wp-json\/wp\/v2\/posts\/71403\/revisions\/71404"}],"wp:featuredmedia":[{"embeddable":true,"href":"https:\/\/eldiarioantillano.com\/uno\/wp-json\/wp\/v2\/media\/71388"}],"wp:attachment":[{"href":"https:\/\/eldiarioantillano.com\/uno\/wp-json\/wp\/v2\/media?parent=71403"}],"wp:term":[{"taxonomy":"category","embeddable":true,"href":"https:\/\/eldiarioantillano.com\/uno\/wp-json\/wp\/v2\/categories?post=71403"},{"taxonomy":"post_tag","embeddable":true,"href":"https:\/\/eldiarioantillano.com\/uno\/wp-json\/wp\/v2\/tags?post=71403"}],"curies":[{"name":"wp","href":"https:\/\/api.w.org\/{rel}","templated":true}]}}