{"id":71393,"date":"2025-02-04T23:55:23","date_gmt":"2025-02-05T03:55:23","guid":{"rendered":"https:\/\/eldiarioantillano.com\/uno\/?p=71393"},"modified":"2025-02-05T00:24:30","modified_gmt":"2025-02-05T04:24:30","slug":"movimientos-populares-y-sacerdotes-del-cibao-marcharan-contra-barrick-gold","status":"publish","type":"post","link":"https:\/\/eldiarioantillano.com\/uno\/2025\/02\/04\/movimientos-populares-y-sacerdotes-del-cibao-marcharan-contra-barrick-gold\/","title":{"rendered":"Movimientos populares y sacerdotes del Cibao marchar\u00e1n contra Barrick Gold"},"content":{"rendered":"\n<p>La manifestaci\u00f3n se realizar\u00e1 desde Piedra Blanca, Bonao, el mi\u00e9rcoles 19 a las 10 de la ma\u00f1ana por la autopista Duarte.\u00a0<br><br><br><\/p>\n\n\n\n<figure class=\"wp-block-embed is-type-video is-provider-youtube wp-block-embed-youtube wp-embed-aspect-16-9 wp-has-aspect-ratio\"><div class=\"wp-block-embed__wrapper\">\n<iframe title=\"Movimientos populares y sacerdotes del Cibao marchar\u00e1n contra Barrick Gold\" width=\"1170\" height=\"658\" src=\"https:\/\/www.youtube.com\/embed\/T4lkUvRI_Co?feature=oembed\" frameborder=\"0\" allow=\"accelerometer; autoplay; clipboard-write; encrypted-media; gyroscope; picture-in-picture; web-share\" referrerpolicy=\"strict-origin-when-cross-origin\" allowfullscreen><\/iframe>\n<\/div><\/figure>\n","protected":false},"excerpt":{"rendered":"<p>La manifestaci\u00f3n se realizar\u00e1 desde Piedra Blanca, Bonao, el mi\u00e9rcoles 19 a las 10 de&hellip;<\/p>\n","protected":false},"author":2,"featured_media":71395,"comment_status":"open","ping_status":"open","sticky":false,"template":"","format":"standard","meta":{"footnotes":""},"categories":[55],"tags":[],"class_list":["post-71393","post","type-post","status-publish","format-standard","has-post-thumbnail","hentry","category-nacionales"],"_links":{"self":[{"href":"https:\/\/eldiarioantillano.com\/uno\/wp-json\/wp\/v2\/posts\/71393","targetHints":{"allow":["GET"]}}],"collection":[{"href":"https:\/\/eldiarioantillano.com\/uno\/wp-json\/wp\/v2\/posts"}],"about":[{"href":"https:\/\/eldiarioantillano.com\/uno\/wp-json\/wp\/v2\/types\/post"}],"author":[{"embeddable":true,"href":"https:\/\/eldiarioantillano.com\/uno\/wp-json\/wp\/v2\/users\/2"}],"replies":[{"embeddable":true,"href":"https:\/\/eldiarioantillano.com\/uno\/wp-json\/wp\/v2\/comments?post=71393"}],"version-history":[{"count":2,"href":"https:\/\/eldiarioantillano.com\/uno\/wp-json\/wp\/v2\/posts\/71393\/revisions"}],"predecessor-version":[{"id":71407,"href":"https:\/\/eldiarioantillano.com\/uno\/wp-json\/wp\/v2\/posts\/71393\/revisions\/71407"}],"wp:featuredmedia":[{"embeddable":true,"href":"https:\/\/eldiarioantillano.com\/uno\/wp-json\/wp\/v2\/media\/71395"}],"wp:attachment":[{"href":"https:\/\/eldiarioantillano.com\/uno\/wp-json\/wp\/v2\/media?parent=71393"}],"wp:term":[{"taxonomy":"category","embeddable":true,"href":"https:\/\/eldiarioantillano.com\/uno\/wp-json\/wp\/v2\/categories?post=71393"},{"taxonomy":"post_tag","embeddable":true,"href":"https:\/\/eldiarioantillano.com\/uno\/wp-json\/wp\/v2\/tags?post=71393"}],"curies":[{"name":"wp","href":"https:\/\/api.w.org\/{rel}","templated":true}]}}