{"id":71318,"date":"2025-02-01T00:00:00","date_gmt":"2025-02-01T04:00:00","guid":{"rendered":"https:\/\/eldiarioantillano.com\/uno\/?p=71318"},"modified":"2025-01-31T19:42:11","modified_gmt":"2025-01-31T23:42:11","slug":"fernandito-villalona-raul-grisanti-y-otros-artistas-cerraran-carnaval-de-montecristi","status":"publish","type":"post","link":"https:\/\/eldiarioantillano.com\/uno\/2025\/02\/01\/fernandito-villalona-raul-grisanti-y-otros-artistas-cerraran-carnaval-de-montecristi\/","title":{"rendered":"Fernandito Villalona, Ra\u00fal Grisanti y otros artistas cerrar\u00e1n carnaval de Montecristi"},"content":{"rendered":"\n<p>La actividad final del carnaval de este a\u00f1o est\u00e1 pautada para el domingo 23 de febrero, seg\u00fan anunci\u00f3 el comit\u00e9 organizador.\u00a0\u00a0<\/p>\n\n\n\n<figure class=\"wp-block-embed is-type-video is-provider-youtube wp-block-embed-youtube wp-embed-aspect-16-9 wp-has-aspect-ratio\"><div class=\"wp-block-embed__wrapper\">\n<iframe title=\"Fernandito Villalona, Ra\u00fal Grisanti y otros artistas cerrar\u00e1n carnaval de Montecristi\" width=\"1170\" height=\"658\" src=\"https:\/\/www.youtube.com\/embed\/YyEJyyQHYl8?feature=oembed\" frameborder=\"0\" allow=\"accelerometer; autoplay; clipboard-write; encrypted-media; gyroscope; picture-in-picture; web-share\" referrerpolicy=\"strict-origin-when-cross-origin\" allowfullscreen><\/iframe>\n<\/div><\/figure>\n","protected":false},"excerpt":{"rendered":"<p>La actividad final del carnaval de este a\u00f1o est\u00e1 pautada para el domingo 23 de&hellip;<\/p>\n","protected":false},"author":2,"featured_media":71319,"comment_status":"open","ping_status":"open","sticky":false,"template":"","format":"standard","meta":{"footnotes":""},"categories":[63,57],"tags":[],"class_list":["post-71318","post","type-post","status-publish","format-standard","has-post-thumbnail","hentry","category-cultura","category-montecristi"],"_links":{"self":[{"href":"https:\/\/eldiarioantillano.com\/uno\/wp-json\/wp\/v2\/posts\/71318","targetHints":{"allow":["GET"]}}],"collection":[{"href":"https:\/\/eldiarioantillano.com\/uno\/wp-json\/wp\/v2\/posts"}],"about":[{"href":"https:\/\/eldiarioantillano.com\/uno\/wp-json\/wp\/v2\/types\/post"}],"author":[{"embeddable":true,"href":"https:\/\/eldiarioantillano.com\/uno\/wp-json\/wp\/v2\/users\/2"}],"replies":[{"embeddable":true,"href":"https:\/\/eldiarioantillano.com\/uno\/wp-json\/wp\/v2\/comments?post=71318"}],"version-history":[{"count":1,"href":"https:\/\/eldiarioantillano.com\/uno\/wp-json\/wp\/v2\/posts\/71318\/revisions"}],"predecessor-version":[{"id":71320,"href":"https:\/\/eldiarioantillano.com\/uno\/wp-json\/wp\/v2\/posts\/71318\/revisions\/71320"}],"wp:featuredmedia":[{"embeddable":true,"href":"https:\/\/eldiarioantillano.com\/uno\/wp-json\/wp\/v2\/media\/71319"}],"wp:attachment":[{"href":"https:\/\/eldiarioantillano.com\/uno\/wp-json\/wp\/v2\/media?parent=71318"}],"wp:term":[{"taxonomy":"category","embeddable":true,"href":"https:\/\/eldiarioantillano.com\/uno\/wp-json\/wp\/v2\/categories?post=71318"},{"taxonomy":"post_tag","embeddable":true,"href":"https:\/\/eldiarioantillano.com\/uno\/wp-json\/wp\/v2\/tags?post=71318"}],"curies":[{"name":"wp","href":"https:\/\/api.w.org\/{rel}","templated":true}]}}