{"id":71213,"date":"2025-01-27T00:00:12","date_gmt":"2025-01-27T04:00:12","guid":{"rendered":"https:\/\/eldiarioantillano.com\/uno\/?p=71213"},"modified":"2025-01-27T00:00:13","modified_gmt":"2025-01-27T04:00:13","slug":"chacumbele","status":"publish","type":"post","link":"https:\/\/eldiarioantillano.com\/uno\/2025\/01\/27\/chacumbele\/","title":{"rendered":"Chacumbele"},"content":{"rendered":"\n<p>Por ANULFO MATEO P\u00c9REZ<\/p>\n\n\n<div class=\"wp-block-image is-style-rounded\">\n<figure class=\"alignright size-thumbnail\"><img decoding=\"async\" width=\"150\" height=\"150\" src=\"https:\/\/eldiarioantillano.com\/uno\/wp-content\/uploads\/2023\/12\/Anulfo-Mateo-Perez-catalejo-columna-780x470-1-e1704860213105-150x150.jpg\" alt=\"\" class=\"wp-image-64779\"\/><figcaption class=\"wp-element-caption\">Anulfo Mateo P\u00e9rez<\/figcaption><\/figure>\n<\/div>\n\n\n<p>Los&nbsp;<strong>representantes<\/strong>&nbsp;de este injusto&nbsp;<strong>sistema de dominaci\u00f3n<\/strong>&nbsp;se empe\u00f1an en ser los<strong>&nbsp;sepultureros&nbsp;<\/strong>de la mentada&nbsp;<strong>\u201cdemocracia representativa\u201d<\/strong>, pese a su ol\u00edmpica hipocres\u00eda en elogiarla.<\/p>\n\n\n\n<p>Cierto que el&nbsp;<strong>capitalismo<\/strong>&nbsp;lleva en s\u00ed mismo el&nbsp;<strong>germen<\/strong>&nbsp;de su&nbsp;<strong>destrucci\u00f3n,<\/strong>&nbsp;pero sus apologistas y beneficiarios hacen todo lo necesario para que&nbsp;<strong>colapse al m\u00e1s corto plazo<\/strong>, emulando al trapecista cubano&nbsp;<strong>Jos\u00e9 Ram\u00f3n Chac\u00f3n V\u00e9lez<\/strong>\u2026 \u201cque \u00e9l solito&nbsp;<strong>se mat\u00f3<\/strong>\u201d.<\/p>\n\n\n\n<p>Crean y multiplican de forma progresiva&nbsp;<strong>inequidad, exclusi\u00f3n, hambre<\/strong>,&nbsp;<strong>desempleo, insalubridad<\/strong>, analfabetismo,&nbsp;<strong>corrupci\u00f3n de Estado<\/strong>&nbsp;y los&nbsp;<strong>abusos<\/strong>&nbsp;desde el Poder; empujan hacia el&nbsp;<strong>precipicio<\/strong>.<\/p>\n\n\n\n<p>Desde los tres poderes del&nbsp;<strong>Estado&nbsp;<\/strong>cavan su propia tumba.<strong>&nbsp;La pol\u00edtica<\/strong>&nbsp;de inflar la&nbsp;<strong>deuda externa<\/strong>&nbsp;sigue siendo la primera&nbsp;<strong>opci\u00f3n<\/strong>&nbsp;para&nbsp;<strong>alimentar al boa<\/strong>, no as\u00ed para combatir las miserias del pa\u00eds.<\/p>\n\n\n\n<p>Invierten los&nbsp;<strong>recursos p\u00fablicos&nbsp;<\/strong>en&nbsp;<strong>proyectos&nbsp;<\/strong>que poco o nada resuelven, mientras descuidan la educaci\u00f3n,&nbsp;<strong>salud y alimentaci\u00f3n<\/strong>&nbsp;de la gente. La<strong>&nbsp;n\u00f3mina del Estado<\/strong>&nbsp;crece a<strong>&nbsp;pasos agigantados<\/strong>&nbsp;para fortalecer el&nbsp;<strong>clientelismo pol\u00edtico<\/strong>.<\/p>\n\n\n\n<p>Un examen al mundillo del Congreso Nacional, Poder Ejecutivo y<strong>&nbsp;Poder Judicial<\/strong>&nbsp;no deja ning\u00fan&nbsp;<strong>resquicio<\/strong>&nbsp;de duda de que el \u00bforden? establecido le est\u00e1 llegando su final.<\/p>\n\n\n\n<p>La&nbsp;<strong>Constituci\u00f3n<\/strong>&nbsp;<strong>de la Rep\u00fablica<\/strong>&nbsp;la reforman a su antojo, cada vez que lo desean. Las leyes son elaboradas de igual forma, pero no las<strong>&nbsp;respetan ni las hacen respetar<\/strong>. Los tribunales de la&nbsp;<strong>Rep\u00fablica<\/strong>&nbsp;son escenarios del tr\u00e1fico de mercaderes.<\/p>\n\n\n\n<p>Pese a la grave&nbsp;<strong>crisis econ\u00f3mica<\/strong>, siguen matando<strong>&nbsp;bosques, r\u00edos<\/strong>&nbsp;y&nbsp;<strong>envenenando<\/strong>&nbsp;el&nbsp;<strong>medio ambiente<\/strong>&nbsp;para multiplicar sus riquezas; son el relevo de los que antes tambi\u00e9n devastaron nuestras monta\u00f1as,&nbsp;<strong>saquearon<\/strong>&nbsp;nuestro oro, n\u00edquel y bauxita\u2026<\/p>\n\n\n\n<p>Siembran vientos; entonces, sin poder evadirlas, cosechar\u00e1n las tempestades.<\/p>\n","protected":false},"excerpt":{"rendered":"<p>Por ANULFO MATEO P\u00c9REZ Los&nbsp;representantes&nbsp;de este injusto&nbsp;sistema de dominaci\u00f3n&nbsp;se empe\u00f1an en ser los&nbsp;sepultureros&nbsp;de la mentada&nbsp;\u201cdemocracia&hellip;<\/p>\n","protected":false},"author":2,"featured_media":64779,"comment_status":"open","ping_status":"open","sticky":false,"template":"","format":"standard","meta":{"footnotes":""},"categories":[54,55,51],"tags":[],"class_list":["post-71213","post","type-post","status-publish","format-standard","has-post-thumbnail","hentry","category-anulfo-mateo","category-nacionales","category-opinion"],"_links":{"self":[{"href":"https:\/\/eldiarioantillano.com\/uno\/wp-json\/wp\/v2\/posts\/71213","targetHints":{"allow":["GET"]}}],"collection":[{"href":"https:\/\/eldiarioantillano.com\/uno\/wp-json\/wp\/v2\/posts"}],"about":[{"href":"https:\/\/eldiarioantillano.com\/uno\/wp-json\/wp\/v2\/types\/post"}],"author":[{"embeddable":true,"href":"https:\/\/eldiarioantillano.com\/uno\/wp-json\/wp\/v2\/users\/2"}],"replies":[{"embeddable":true,"href":"https:\/\/eldiarioantillano.com\/uno\/wp-json\/wp\/v2\/comments?post=71213"}],"version-history":[{"count":1,"href":"https:\/\/eldiarioantillano.com\/uno\/wp-json\/wp\/v2\/posts\/71213\/revisions"}],"predecessor-version":[{"id":71214,"href":"https:\/\/eldiarioantillano.com\/uno\/wp-json\/wp\/v2\/posts\/71213\/revisions\/71214"}],"wp:featuredmedia":[{"embeddable":true,"href":"https:\/\/eldiarioantillano.com\/uno\/wp-json\/wp\/v2\/media\/64779"}],"wp:attachment":[{"href":"https:\/\/eldiarioantillano.com\/uno\/wp-json\/wp\/v2\/media?parent=71213"}],"wp:term":[{"taxonomy":"category","embeddable":true,"href":"https:\/\/eldiarioantillano.com\/uno\/wp-json\/wp\/v2\/categories?post=71213"},{"taxonomy":"post_tag","embeddable":true,"href":"https:\/\/eldiarioantillano.com\/uno\/wp-json\/wp\/v2\/tags?post=71213"}],"curies":[{"name":"wp","href":"https:\/\/api.w.org\/{rel}","templated":true}]}}