{"id":71191,"date":"2025-01-24T00:00:00","date_gmt":"2025-01-24T04:00:00","guid":{"rendered":"https:\/\/eldiarioantillano.com\/uno\/?p=71191"},"modified":"2025-01-23T23:28:51","modified_gmt":"2025-01-24T03:28:51","slug":"donald-trump-y-el-cambio-de-estrategia-de-la-guerra-militar-a-la-guerra-economica-global","status":"publish","type":"post","link":"https:\/\/eldiarioantillano.com\/uno\/2025\/01\/24\/donald-trump-y-el-cambio-de-estrategia-de-la-guerra-militar-a-la-guerra-economica-global\/","title":{"rendered":"Donald Trump y el Cambio de Estrategia: De la Guerra Militar a la Guerra Econ\u00f3mica Global"},"content":{"rendered":"\n<p>Por NELSON DEL POZO GUZM\u00c1N<\/p>\n\n\n<div class=\"wp-block-image is-style-rounded\">\n<figure class=\"alignright size-thumbnail\"><img decoding=\"async\" width=\"150\" height=\"150\" src=\"https:\/\/eldiarioantillano.com\/uno\/wp-content\/uploads\/2025\/01\/IMG-20250123-WA0054-150x150.jpg\" alt=\"\" class=\"wp-image-71177\" srcset=\"https:\/\/eldiarioantillano.com\/uno\/wp-content\/uploads\/2025\/01\/IMG-20250123-WA0054-150x150.jpg 150w, https:\/\/eldiarioantillano.com\/uno\/wp-content\/uploads\/2025\/01\/IMG-20250123-WA0054-585x585.jpg 585w\" sizes=\"(max-width: 150px) 100vw, 150px\" \/><figcaption class=\"wp-element-caption\">Nels\u00f3n del Pozo Guzm\u00e1n<\/figcaption><\/figure>\n<\/div>\n\n\n<p>En su primer d\u00eda de mandato, el presidente de Estados Unidos, Donald Trump, ha emitido una serie de \u00f3rdenes ejecutivas que marcan un cambio radical en la pol\u00edtica exterior y econ\u00f3mica del pa\u00eds. Este giro estrat\u00e9gico se enfoca en sustituir la guerra militar tradicional por una guerra econ\u00f3mica global, con implicaciones significativas para la econom\u00eda mundial y la estabilidad geopol\u00edtica.<br>Las nuevas \u00f3rdenes abordan temas cruciales como la migraci\u00f3n, el medio ambiente y el comercio. Trump ha establecido un marco que incluye la imposici\u00f3n de aranceles a pa\u00edses clave como China, Canad\u00e1, M\u00e9xico y miembros de la Uni\u00f3n Europea. Estas medidas podr\u00edan provocar distorsiones econ\u00f3micas impredecibles, afectando no solo el comercio y las finanzas, sino tambi\u00e9n a trabajadores y productores en todo el mundo.<br>Adem\u00e1s, la administraci\u00f3n Trump ha puesto la mira en territorios estrat\u00e9gicos como Groenlandia y Panam\u00e1, justificando sus acciones bajo el pretexto de la \u00abseguridad nacional\u00bb. Sin embargo, este argumento ignora la relevancia de estos lugares como rutas comerciales cruciales y su riqueza en recursos naturales. Groenlandia, por ejemplo, se estima que podr\u00eda albergar hasta el 25% de los recursos de elementos de tierras raras del mundo, esenciales para la fabricaci\u00f3n de tecnolog\u00eda avanzada, incluidos motores de veh\u00edculos el\u00e9ctricos.<br>La administraci\u00f3n tambi\u00e9n ha comenzado a implementar un plan de deportaciones masivas, con cifras que alcanzan hasta 14 millones de ciudadanos deportables. Si se lleva a cabo, esto podr\u00eda resultar en una reducci\u00f3n significativa de las remesas y un impacto negativo en el PIB de pa\u00edses como la Rep\u00fablica Dominicana, adem\u00e1s de generar tensiones sociales.<br>Trump no solo ha desmantelado asociaciones internacionales, como su retiro de la Organizaci\u00f3n Mundial de la Salud (OMS) y los Acuerdos de Par\u00eds, sino que tambi\u00e9n ha habilitado la explotaci\u00f3n de recursos energ\u00e9ticos en Alaska y otras regiones. Estas decisiones reflejan una pol\u00edtica aislacionista que prioriza los intereses econ\u00f3micos nacionales sobre la cooperaci\u00f3n global.<br>La creciente influencia de figuras como Elon Musk, conocido por su trabajo en Tesla y SpaceX, sugiere que las decisiones de Trump tambi\u00e9n est\u00e1n alineadas con los intereses de grandes corporaciones tecnol\u00f3gicas y energ\u00e9ticas, lo que a\u00f1ade otra dimensi\u00f3n a esta nueva estrategia.<br>En un contexto global marcado por la incertidumbre, la administraci\u00f3n Trump parece estar redefiniendo las relaciones internacionales a trav\u00e9s de una guerra econ\u00f3mica que podr\u00eda tener repercusiones duraderas. Este enfoque plantea preguntas sobre el futuro de la cooperaci\u00f3n internacional y la estabilidad econ\u00f3mica mundial en un momento cr\u00edtico para el orden global.<br>La era Trump 2.0 se presenta como un per\u00edodo de cambios profundos que desafiar\u00e1n las normas establecidas y transformar\u00e1n el panorama geopol\u00edtico actual.<\/p>\n","protected":false},"excerpt":{"rendered":"<p>Por NELSON DEL POZO GUZM\u00c1N En su primer d\u00eda de mandato, el presidente de Estados&hellip;<\/p>\n","protected":false},"author":2,"featured_media":71177,"comment_status":"open","ping_status":"open","sticky":false,"template":"","format":"standard","meta":{"footnotes":""},"categories":[52,164,51],"tags":[],"class_list":["post-71191","post","type-post","status-publish","format-standard","has-post-thumbnail","hentry","category-internacionales","category-nelson-del-pozo-guzman","category-opinion"],"_links":{"self":[{"href":"https:\/\/eldiarioantillano.com\/uno\/wp-json\/wp\/v2\/posts\/71191","targetHints":{"allow":["GET"]}}],"collection":[{"href":"https:\/\/eldiarioantillano.com\/uno\/wp-json\/wp\/v2\/posts"}],"about":[{"href":"https:\/\/eldiarioantillano.com\/uno\/wp-json\/wp\/v2\/types\/post"}],"author":[{"embeddable":true,"href":"https:\/\/eldiarioantillano.com\/uno\/wp-json\/wp\/v2\/users\/2"}],"replies":[{"embeddable":true,"href":"https:\/\/eldiarioantillano.com\/uno\/wp-json\/wp\/v2\/comments?post=71191"}],"version-history":[{"count":1,"href":"https:\/\/eldiarioantillano.com\/uno\/wp-json\/wp\/v2\/posts\/71191\/revisions"}],"predecessor-version":[{"id":71192,"href":"https:\/\/eldiarioantillano.com\/uno\/wp-json\/wp\/v2\/posts\/71191\/revisions\/71192"}],"wp:featuredmedia":[{"embeddable":true,"href":"https:\/\/eldiarioantillano.com\/uno\/wp-json\/wp\/v2\/media\/71177"}],"wp:attachment":[{"href":"https:\/\/eldiarioantillano.com\/uno\/wp-json\/wp\/v2\/media?parent=71191"}],"wp:term":[{"taxonomy":"category","embeddable":true,"href":"https:\/\/eldiarioantillano.com\/uno\/wp-json\/wp\/v2\/categories?post=71191"},{"taxonomy":"post_tag","embeddable":true,"href":"https:\/\/eldiarioantillano.com\/uno\/wp-json\/wp\/v2\/tags?post=71191"}],"curies":[{"name":"wp","href":"https:\/\/api.w.org\/{rel}","templated":true}]}}