{"id":70991,"date":"2025-01-14T00:42:16","date_gmt":"2025-01-14T04:42:16","guid":{"rendered":"https:\/\/eldiarioantillano.com\/uno\/?p=70991"},"modified":"2025-01-14T00:42:18","modified_gmt":"2025-01-14T04:42:18","slug":"escandalo-por-decision-a-favor-de-suegros-de-gobernante-boricua","status":"publish","type":"post","link":"https:\/\/eldiarioantillano.com\/uno\/2025\/01\/14\/escandalo-por-decision-a-favor-de-suegros-de-gobernante-boricua\/","title":{"rendered":"Esc\u00e1ndalo por decisi\u00f3n a favor de suegros de gobernante boricua"},"content":{"rendered":"\n<p>San Juan (Prensa Latina) Una decisi\u00f3n del secretario de Recursos Naturales, Waldemar Quiles P\u00e9rez, a horas de su designaci\u00f3n, ha generado un esc\u00e1ndalo que mantiene en el v\u00f3rtice a la gobernadora de Puerto Rico, Jennifer Gonz\u00e1lez.<\/p>\n\n\n\n<p>El funcionario emiti\u00f3 una orden administrativa para archivar una investigaci\u00f3n en contra de los suegros de la flamante mandataria boricua, a la vez que da paso a la legalizaci\u00f3n de viviendas en La Parguera, en la zona mar\u00edtimo-terrestre del sure\u00f1o municipio de Lajas, mediante una cuota que los propietarios deben pagar cada cinco a\u00f1os.<\/p>\n\n\n\n<p>La irregular acci\u00f3n, que Quiles P\u00e9rez atribuy\u00f3 de forma a su antecesora Ana\u00eds Rodr\u00edguez, de la administraci\u00f3n de Pedro R. Pierluisi, pretende legitimar una irregularidad que ha prevalecido por d\u00e9cadas ante la indiferencia de los gobernantes del pa\u00eds, ya que involucra a sectores con cierto poder econ\u00f3mico y social.<\/p>\n\n\n\n<p>El paso dado por el secretario del Departamento de Recursos Naturales y Ambientales (DRNA) ha sido desmentido en ese sentido, mientras previo a su decisi\u00f3n, Gonz\u00e1lez la emprendi\u00f3 en una entrevista en televisi\u00f3n contra la periodista Valeria Collazo al indagar si la persona que se propon\u00eda nombrar frenar\u00eda la investigaci\u00f3n de la violaci\u00f3n de sus suegros en La Parguera.<\/p>\n\n\n\n<p>La gobernante entr\u00f3 en c\u00f3lera y acus\u00f3 a la entrevistadora de \u201cponer palabras en mi boca\u201d, en lo que describi\u00f3 como \u201cun caso pol\u00edtico de persecuci\u00f3n selectiva\u201d por tratarse de sus suegros, identificados como Irma Llavona y Jos\u00e9 Vargas.<\/p>\n\n\n\n<p>El periodista Rafael Len\u00edn L\u00f3pez asegur\u00f3 en su programa de televisi\u00f3n \u201cPrimera Pregunta\u201d que la orden administrativa \u201capareci\u00f3\u201d en el escritorio de la anterior secretaria del DRNA tras regresar de su licencia de maternidad.<\/p>\n\n\n\n<p>Seg\u00fan el periodista, Rodr\u00edguez rechaz\u00f3 firmarla y la refiri\u00f3 a la divisi\u00f3n legal de la agencia p\u00fablica, por considerarla de car\u00e1cter ilegal.<\/p>\n\n\n\n<p>El analista pol\u00edtico Jorge Colberg Toro, que formara parte del Comit\u00e9 de Transici\u00f3n de la gobernadora Gonz\u00e1lez, rechaz\u00f3 que en las audiencias se tocara el tema de las residencias en la zona de La Parguera, incluida una construcci\u00f3n sin permisos de los suegros de la mandataria.<\/p>\n\n\n\n<p>El designado Quiles P\u00e9rez manifest\u00f3 este viernes pasado que la orden fue \u201cheredada de la anterior administraci\u00f3n\u201d, que la redact\u00f3 con el prop\u00f3sito de establecer el cobro de derechos para el uso de terrenos y aguas de dominio p\u00fablico en La Parguera, \u201cy eso qued\u00f3 constatado durante el proceso de Transici\u00f3n\u201d.<\/p>\n\n\n\n<p>\u201cEl Comit\u00e9 de Transici\u00f3n que nombr\u00f3 la gobernadora, del cual yo fui parte, nunca atendi\u00f3 ese tema, de hecho, la vista del secretario en funciones del secretario de Recursos Naturales fue p\u00fablica, est\u00e1 en las redes, nadie abord\u00f3 ese tema porque hubiese sido altamente impropio de cualquiera de nosotros haber indagado sobre investigaciones administrativas de (esa) o de cualquier otra agencia\u201d, afirm\u00f3 Colberg Toro, del opositor Partido Popular Democr\u00e1tico (PPD).<\/p>\n\n\n\n<p>El presidente del Senado, Thomas Rivera Schatz, del oficialista PNP, estableci\u00f3 la posibilidad de citar al designado secretario del DRNA, previo a la audiencia de confirmaci\u00f3n, ante una Comisi\u00f3n Total con la participaci\u00f3n de todos los integrantes del cuerpo legislativo.<\/p>\n\n\n\n<p>Gonz\u00e1lez apenas lleva nueve d\u00edas en el cargo, ya que jur\u00f3 el pasado 2 de enero, por lo que este esc\u00e1ndalo en el cual navega no ha dejado de sorprender, ya que se cree que la idea es dejar la orden vigente despu\u00e9s de reemplazar a Quiles P\u00e9rez.<\/p>\n\n\n\n<p>jcm\/nrm<\/p>\n\n\n\n<p><\/p>\n","protected":false},"excerpt":{"rendered":"<p>San Juan (Prensa Latina) Una decisi\u00f3n del secretario de Recursos Naturales, Waldemar Quiles P\u00e9rez, a&hellip;<\/p>\n","protected":false},"author":2,"featured_media":70975,"comment_status":"open","ping_status":"open","sticky":false,"template":"","format":"standard","meta":{"footnotes":""},"categories":[52,53],"tags":[],"class_list":["post-70991","post","type-post","status-publish","format-standard","has-post-thumbnail","hentry","category-internacionales","category-prensa-latina"],"_links":{"self":[{"href":"https:\/\/eldiarioantillano.com\/uno\/wp-json\/wp\/v2\/posts\/70991","targetHints":{"allow":["GET"]}}],"collection":[{"href":"https:\/\/eldiarioantillano.com\/uno\/wp-json\/wp\/v2\/posts"}],"about":[{"href":"https:\/\/eldiarioantillano.com\/uno\/wp-json\/wp\/v2\/types\/post"}],"author":[{"embeddable":true,"href":"https:\/\/eldiarioantillano.com\/uno\/wp-json\/wp\/v2\/users\/2"}],"replies":[{"embeddable":true,"href":"https:\/\/eldiarioantillano.com\/uno\/wp-json\/wp\/v2\/comments?post=70991"}],"version-history":[{"count":1,"href":"https:\/\/eldiarioantillano.com\/uno\/wp-json\/wp\/v2\/posts\/70991\/revisions"}],"predecessor-version":[{"id":70992,"href":"https:\/\/eldiarioantillano.com\/uno\/wp-json\/wp\/v2\/posts\/70991\/revisions\/70992"}],"wp:featuredmedia":[{"embeddable":true,"href":"https:\/\/eldiarioantillano.com\/uno\/wp-json\/wp\/v2\/media\/70975"}],"wp:attachment":[{"href":"https:\/\/eldiarioantillano.com\/uno\/wp-json\/wp\/v2\/media?parent=70991"}],"wp:term":[{"taxonomy":"category","embeddable":true,"href":"https:\/\/eldiarioantillano.com\/uno\/wp-json\/wp\/v2\/categories?post=70991"},{"taxonomy":"post_tag","embeddable":true,"href":"https:\/\/eldiarioantillano.com\/uno\/wp-json\/wp\/v2\/tags?post=70991"}],"curies":[{"name":"wp","href":"https:\/\/api.w.org\/{rel}","templated":true}]}}