{"id":70985,"date":"2025-01-14T00:37:30","date_gmt":"2025-01-14T04:37:30","guid":{"rendered":"https:\/\/eldiarioantillano.com\/uno\/?p=70985"},"modified":"2025-01-14T00:37:32","modified_gmt":"2025-01-14T04:37:32","slug":"meteorologia-pronostica-ambiente-seco-y-estable-hasta-el-miercoles-15","status":"publish","type":"post","link":"https:\/\/eldiarioantillano.com\/uno\/2025\/01\/14\/meteorologia-pronostica-ambiente-seco-y-estable-hasta-el-miercoles-15\/","title":{"rendered":"Meteorolog\u00eda pronostica ambiente seco y estable hasta el mi\u00e9rcoles 15"},"content":{"rendered":"\n<h1 class=\"wp-block-heading\">Informe del Tiempo<\/h1>\n\n\n\n<p><strong>Lunes 13 de enero de 2025 a las 6:00 p.m. V\u00e1lido hasta el mi\u00e9rcoles 15 de enero de 2025 a las 6:00 p.m.<\/strong>&nbsp;<\/p>\n\n\n\n<p><strong>POCA ACTIVIDAD NUBOSA EN CASI TODO EL PA\u00cdS POR LA INFLUENCIA DE UN ANTICICL\u00d3N&nbsp;<\/strong><\/p>\n\n\n\n<p><strong>TEMPERATURAS AGRADABLES&nbsp;<\/strong><strong>&nbsp;<\/strong>&nbsp;<\/p>\n\n\n\n<p>Los dominicanos seguir\u00e1n disfrutando de condiciones atmosf\u00e9ricas generalmente estable durante esta noche, producto de los efectos de un sistema anticicl\u00f3nico que mantiene limitadas las formaciones de nubes significativas e induce a un ambiente apropiado para &nbsp;realizar actividades al aire libre. Solo hacia las provincias cercanas a la costa Atl\u00e1ntica y la regi\u00f3n noreste, como son: Puerto Plata, Espaillat, Saman\u00e1 y Mar\u00eda Trinidad S\u00e1nchez, entre otras cercanas, podr\u00edan ocurrir lluvias aisladas, por la incidencia del viento predominante del noreste.&nbsp;<\/p>\n\n\n\n<p><strong>Para ma\u00f1ana martes<\/strong>, un sistema frontal se estar\u00e1 acercando a nuestra \u00e1rea de responsabilidad, originando desde la madrugada y durante las horas matutinas, algunos chubascos d\u00e9biles a moderados, especialmente sobre Puerto Plata, Espaillat, Saman\u00e1, Mar\u00eda Trinidad S\u00e1nchez, La Altagracia, Hato Mayor y El Seibo, entre otras cercanas. El resto del territorio tendr\u00e1 cielo con pocas nubes y escasas lluvias. En la tarde, estas precipitaciones disminuir\u00e1n significativamente en las provincias mencionadas, y prevalecer\u00e1 un ambiente despejado. En la noche, las condiciones del tiempo estar\u00e1n muy adecuadas para las actividades de recreaci\u00f3n que se celebran fuera de techo.&nbsp;&nbsp;&nbsp;&nbsp;&nbsp;&nbsp;&nbsp;&nbsp;&nbsp;<\/p>\n\n\n\n<p>Las temperaturas se mantendr\u00e1n&nbsp;<strong><em>agradables y frescas<\/em><\/strong>, siendo m\u00e1s notable en las zonas monta\u00f1osas y valles del interior, producto del viento fresco del noreste y a la \u00e9poca del a\u00f1o.<\/p>\n\n\n\n<p><strong>Distrito Nacional<\/strong>: nubes dispersas.<\/p>\n\n\n\n<p><strong>Santo Domingo Norte<\/strong>: pocas nubes.<\/p>\n\n\n\n<p><strong>Santo Domingo Este<\/strong>: nubes aisladas.<\/p>\n\n\n\n<p><strong>Santo Domingo Oeste<\/strong>: nubes dispersas.<\/p>\n\n\n\n<p><strong>Temperatura m\u00ednima entre 19 \u00b0C y 21 \u00b0C y m\u00e1xima entre 29 \u00b0C y 31 \u00b0C.<\/strong><\/p>\n\n\n\n<p><strong>Resumen: la influencia de un sistema anticicl\u00f3nico genera buen tiempo casi a nivel nacional&#8230;Las temperaturas seguir\u00e1n frescas y agradables, en especial en la noche y madrugada, sinti\u00e9ndose m\u00e1s fr\u00edas en zonas de monta\u00f1as.<\/strong><strong>&nbsp;<\/strong><\/p>\n\n\n\n<p><strong>El mi\u00e9rcoles,&nbsp;<\/strong>predominar\u00e1 un cielo despejado con escasas precipitaciones en casi toda la geograf\u00eda nacional, por la incidencia de un sistema anticicl\u00f3nico, sin embargo hacia algunos poblados de las provincias: La Altagracia, La Romana, El Seibo, Hato Mayor y Saman\u00e1, podr\u00edan ocurrir chubascos aislados por la incidencia del viento del noreste.&nbsp;<strong>&nbsp;<\/strong><\/p>\n\n\n\n<p><strong>Distrito Nacional<\/strong>: Cielo principalmente soleado.<\/p>\n\n\n\n<p><strong>El Gran Santo Domingo:<\/strong>&nbsp;Cielo principalmente soleado.<\/p>\n\n\n\n<figure class=\"wp-block-table\"><table class=\"has-fixed-layout\"><tbody><tr><td><strong>PROVINCIAS<\/strong><\/td><td><strong>PRON\u00d3STICO POR LOCALIDADES<\/strong><\/td><td><strong>T. M\u00e1x. \u00b0C<\/strong><\/td><td><strong>T. M\u00edn. \u00b0C<\/strong><\/td><\/tr><tr><td><strong>Santiago<\/strong><\/td><td>Nubes aisladas.<\/td><td><strong>28\/30<\/strong><\/td><td><strong>17\/19<\/strong><\/td><\/tr><tr><td><strong>Puerto&nbsp;Plata<\/strong><\/td><td>Leve aumento nuboso con lluvias aisladas.<\/td><td><strong>28\/30<\/strong><\/td><td><strong>18\/20<\/strong><\/td><\/tr><tr><td><strong>Duarte<\/strong><\/td><td>Nubes aisladas a medio nublado en ocasiones.<\/td><td><strong>28\/30<\/strong><\/td><td><strong>18\/20<\/strong><\/td><\/tr><tr><td><strong>Constanza<\/strong><\/td><td>Pocas nubes.<\/td><td><strong>22\/24<\/strong><\/td><td><strong>9\/11<\/strong><\/td><\/tr><tr><td><strong>Peravia<\/strong><\/td><td>Cielo mayormente despejado.<\/td><td><strong>28\/30<\/strong><\/td><td><strong>20\/22<\/strong><\/td><\/tr><tr><td><strong>San P. de Macor\u00eds<\/strong><\/td><td>Cielo despejado.<\/td><td><strong>28\/30<\/strong><\/td><td><strong>18\/20<\/strong><\/td><\/tr><tr><td><strong>La Romana<\/strong><\/td><td>Cielo con pocas nubes.<\/td><td><strong>28\/30<\/strong><\/td><td><strong>18\/20<\/strong><\/td><\/tr><tr><td><strong>La Vega<\/strong><\/td><td>Nubes aisladas.<\/td><td><strong>28\/30<\/strong><\/td><td><strong>17\/19<\/strong><\/td><\/tr><tr><td><strong>Monse\u00f1or Nouel<\/strong><\/td><td>Pocas nubes..<\/td><td><strong>28\/30<\/strong><\/td><td><strong>17\/19<\/strong><\/td><\/tr><tr><td><strong>San Crist\u00f3bal<\/strong><\/td><td>Despejado.<\/td><td><strong>28\/30<\/strong><\/td><td><strong>19\/21<\/strong><\/td><\/tr><tr><td><strong>Saman\u00e1<\/strong><\/td><td>Despejado.<\/td><td><strong>28\/30<\/strong><\/td><td><strong>18\/20<\/strong><\/td><\/tr><tr><td><strong>Monte Cristi<\/strong><\/td><td>Nubes aisladas.<\/td><td><strong>28\/30<\/strong><\/td><td><strong>19\/21<\/strong><\/td><\/tr><tr><td><strong>Azua<\/strong><\/td><td>Cielo despejado.<\/td><td><strong>29\/31<\/strong><\/td><td><strong>20\/22<\/strong><\/td><\/tr><tr><td><strong>San Juan<\/strong><\/td><td>Cielo despejado.<\/td><td><strong>28\/30<\/strong><\/td><td><strong>14\/16<\/strong><\/td><\/tr><tr><td><strong>Barahona<\/strong><\/td><td>Pocas nubes.<\/td><td><strong>28\/30<\/strong><\/td><td><strong>18\/20<\/strong><\/td><\/tr><tr><td><strong>La Altagracia<\/strong><\/td><td>Nubes aisladas..<\/td><td><strong>28\/30<\/strong><\/td><td><strong>19\/21<\/strong><\/td><\/tr><\/tbody><\/table><\/figure>\n\n\n\n<p><strong>Meteor\u00f3logos: Damaris Mercedes<em>&nbsp;\/Leonardo Marte.-<\/em><\/strong><\/p>\n","protected":false},"excerpt":{"rendered":"<p>Informe del Tiempo Lunes 13 de enero de 2025 a las 6:00 p.m. V\u00e1lido hasta&hellip;<\/p>\n","protected":false},"author":2,"featured_media":67357,"comment_status":"open","ping_status":"open","sticky":false,"template":"","format":"standard","meta":{"footnotes":""},"categories":[55],"tags":[],"class_list":["post-70985","post","type-post","status-publish","format-standard","has-post-thumbnail","hentry","category-nacionales"],"_links":{"self":[{"href":"https:\/\/eldiarioantillano.com\/uno\/wp-json\/wp\/v2\/posts\/70985","targetHints":{"allow":["GET"]}}],"collection":[{"href":"https:\/\/eldiarioantillano.com\/uno\/wp-json\/wp\/v2\/posts"}],"about":[{"href":"https:\/\/eldiarioantillano.com\/uno\/wp-json\/wp\/v2\/types\/post"}],"author":[{"embeddable":true,"href":"https:\/\/eldiarioantillano.com\/uno\/wp-json\/wp\/v2\/users\/2"}],"replies":[{"embeddable":true,"href":"https:\/\/eldiarioantillano.com\/uno\/wp-json\/wp\/v2\/comments?post=70985"}],"version-history":[{"count":1,"href":"https:\/\/eldiarioantillano.com\/uno\/wp-json\/wp\/v2\/posts\/70985\/revisions"}],"predecessor-version":[{"id":70986,"href":"https:\/\/eldiarioantillano.com\/uno\/wp-json\/wp\/v2\/posts\/70985\/revisions\/70986"}],"wp:featuredmedia":[{"embeddable":true,"href":"https:\/\/eldiarioantillano.com\/uno\/wp-json\/wp\/v2\/media\/67357"}],"wp:attachment":[{"href":"https:\/\/eldiarioantillano.com\/uno\/wp-json\/wp\/v2\/media?parent=70985"}],"wp:term":[{"taxonomy":"category","embeddable":true,"href":"https:\/\/eldiarioantillano.com\/uno\/wp-json\/wp\/v2\/categories?post=70985"},{"taxonomy":"post_tag","embeddable":true,"href":"https:\/\/eldiarioantillano.com\/uno\/wp-json\/wp\/v2\/tags?post=70985"}],"curies":[{"name":"wp","href":"https:\/\/api.w.org\/{rel}","templated":true}]}}