{"id":70983,"date":"2025-01-14T00:36:01","date_gmt":"2025-01-14T04:36:01","guid":{"rendered":"https:\/\/eldiarioantillano.com\/uno\/?p=70983"},"modified":"2025-01-14T00:36:02","modified_gmt":"2025-01-14T04:36:02","slug":"senador-julito-fulcar-inicia-construccion-de-casa-para-madre-con-cinco-hijos","status":"publish","type":"post","link":"https:\/\/eldiarioantillano.com\/uno\/2025\/01\/14\/senador-julito-fulcar-inicia-construccion-de-casa-para-madre-con-cinco-hijos\/","title":{"rendered":"Senador Julito Fulcar inicia construcci\u00f3n de casa para madre con cinco hijos"},"content":{"rendered":"\n<p>La se\u00f1ora Morelia Ub\u00e9n perdi\u00f3 su vivienda en un incendio, en el distrito municipal El Carret\u00f3n, provincia Peravia.\u00a0<br><br><br><\/p>\n","protected":false},"excerpt":{"rendered":"<p>La se\u00f1ora Morelia Ub\u00e9n perdi\u00f3 su vivienda en un incendio, en el distrito municipal El&hellip;<\/p>\n","protected":false},"author":2,"featured_media":70976,"comment_status":"open","ping_status":"open","sticky":false,"template":"","format":"standard","meta":{"footnotes":""},"categories":[55],"tags":[],"class_list":["post-70983","post","type-post","status-publish","format-standard","has-post-thumbnail","hentry","category-nacionales"],"_links":{"self":[{"href":"https:\/\/eldiarioantillano.com\/uno\/wp-json\/wp\/v2\/posts\/70983","targetHints":{"allow":["GET"]}}],"collection":[{"href":"https:\/\/eldiarioantillano.com\/uno\/wp-json\/wp\/v2\/posts"}],"about":[{"href":"https:\/\/eldiarioantillano.com\/uno\/wp-json\/wp\/v2\/types\/post"}],"author":[{"embeddable":true,"href":"https:\/\/eldiarioantillano.com\/uno\/wp-json\/wp\/v2\/users\/2"}],"replies":[{"embeddable":true,"href":"https:\/\/eldiarioantillano.com\/uno\/wp-json\/wp\/v2\/comments?post=70983"}],"version-history":[{"count":1,"href":"https:\/\/eldiarioantillano.com\/uno\/wp-json\/wp\/v2\/posts\/70983\/revisions"}],"predecessor-version":[{"id":70984,"href":"https:\/\/eldiarioantillano.com\/uno\/wp-json\/wp\/v2\/posts\/70983\/revisions\/70984"}],"wp:featuredmedia":[{"embeddable":true,"href":"https:\/\/eldiarioantillano.com\/uno\/wp-json\/wp\/v2\/media\/70976"}],"wp:attachment":[{"href":"https:\/\/eldiarioantillano.com\/uno\/wp-json\/wp\/v2\/media?parent=70983"}],"wp:term":[{"taxonomy":"category","embeddable":true,"href":"https:\/\/eldiarioantillano.com\/uno\/wp-json\/wp\/v2\/categories?post=70983"},{"taxonomy":"post_tag","embeddable":true,"href":"https:\/\/eldiarioantillano.com\/uno\/wp-json\/wp\/v2\/tags?post=70983"}],"curies":[{"name":"wp","href":"https:\/\/api.w.org\/{rel}","templated":true}]}}